{"id":6258,"date":"2019-10-22T13:25:00","date_gmt":"2019-10-22T13:25:00","guid":{"rendered":"https:\/\/arroyitoonline.com.ar\/?p=6258"},"modified":"2019-10-22T13:25:01","modified_gmt":"2019-10-22T13:25:01","slug":"choco-con-su-moto-quiso-darse-a-la-fuga-y-fue-detenido","status":"publish","type":"post","link":"https:\/\/arroyitoonline.com.ar\/?p=6258","title":{"rendered":"Choc\u00f3 con su moto, quiso darse a la fuga y fue detenido"},"content":{"rendered":"\n<p><strong>Un hombre de 55 a\u00f1os colision\u00f3 a otro rodado conducido por una joven (23) acompa\u00f1ada de su hija, una menor de cuatro a\u00f1os. Ninguna de las dos presenta lesiones. <\/strong><\/p>\n\n\n\n<p>El domingo a las 20:00 horas se produjo un accidente de tr\u00e1nsito. La motocicleta Guerrero Trip 110cc de color rojo, conducida por una joven (23) acompa\u00f1ada de su hija (4), circulaba por S\u00e1nchez de Bustamante, en sentido de este a oeste.<\/p>\n\n\n\n<p>Por razones que tratan de establecerse fue colisionada por otra moto, una Honda tipo C105 Biz de color rojo, que andaba por Carlos Favari en sentido de sur a norte, manejada por una persona sexo masculino (55).<\/p>\n\n\n\n<p>Cuando personal policial lleg\u00f3 al lugar y quiso entrevistarlo, el conductor de la moto empez\u00f3 una agresi\u00f3n verbal al efectivo. A continuaci\u00f3n, el sujeto encendi\u00f3 su rodado para darse a la fuga, por lo que se procedi\u00f3 a su aprehensi\u00f3n, el traslado a la Comisar\u00eda, donde fue identificado y qued\u00f3 alojado en la dependencia por supuesto autor del delito de desobediencia a la autoridad, a disposici\u00f3n de la Fiscal\u00eda de Instrucci\u00f3n de esta ciudad.<\/p>\n\n\n\n<p>En el lugar del accidente se hizo presente el servicio de emergencias, trasladando a las ocupantes de la otra moto, al hospital municipal, no presentando lesiones. <\/p>\n\n\n\n<p>Fuente: informe de la oficial Principal J\u00e9sica Paz, a cargo de la Base Operativa Sector Sur Suboficial Principal Gustavo Carlos D\u00edaz. <\/p>\n","protected":false},"excerpt":{"rendered":"<p>Un hombre de 55 a\u00f1os colision\u00f3 a otro rodado conducido por una joven (23) acompa\u00f1ada de su hija, una menor&hellip;<\/p>\n","protected":false},"author":3,"featured_media":2727,"comment_status":"closed","ping_status":"open","sticky":false,"template":"","format":"standard","meta":{"footnotes":""},"categories":[824],"tags":[22,23,66,67,836,547,572,637,638,825,737],"class_list":["post-6258","post","type-post","status-publish","format-standard","has-post-thumbnail","hentry","category-policiales-online","tag-accidente","tag-accidentes","tag-arroyito","tag-arroyito-cordoba","tag-arroyito-online","tag-motos","tag-noticias-de-arroyito-y-zona","tag-policiales","tag-policiales-arroyito","tag-policiales-online","tag-siniestro-vial"],"_links":{"self":[{"href":"https:\/\/arroyitoonline.com.ar\/index.php?rest_route=\/wp\/v2\/posts\/6258","targetHints":{"allow":["GET"]}}],"collection":[{"href":"https:\/\/arroyitoonline.com.ar\/index.php?rest_route=\/wp\/v2\/posts"}],"about":[{"href":"https:\/\/arroyitoonline.com.ar\/index.php?rest_route=\/wp\/v2\/types\/post"}],"author":[{"embeddable":true,"href":"https:\/\/arroyitoonline.com.ar\/index.php?rest_route=\/wp\/v2\/users\/3"}],"replies":[{"embeddable":true,"href":"https:\/\/arroyitoonline.com.ar\/index.php?rest_route=%2Fwp%2Fv2%2Fcomments&post=6258"}],"version-history":[{"count":1,"href":"https:\/\/arroyitoonline.com.ar\/index.php?rest_route=\/wp\/v2\/posts\/6258\/revisions"}],"predecessor-version":[{"id":6259,"href":"https:\/\/arroyitoonline.com.ar\/index.php?rest_route=\/wp\/v2\/posts\/6258\/revisions\/6259"}],"wp:featuredmedia":[{"embeddable":true,"href":"https:\/\/arroyitoonline.com.ar\/index.php?rest_route=\/wp\/v2\/media\/2727"}],"wp:attachment":[{"href":"https:\/\/arroyitoonline.com.ar\/index.php?rest_route=%2Fwp%2Fv2%2Fmedia&parent=6258"}],"wp:term":[{"taxonomy":"category","embeddable":true,"href":"https:\/\/arroyitoonline.com.ar\/index.php?rest_route=%2Fwp%2Fv2%2Fcategories&post=6258"},{"taxonomy":"post_tag","embeddable":true,"href":"https:\/\/arroyitoonline.com.ar\/index.php?rest_route=%2Fwp%2Fv2%2Ftags&post=6258"}],"curies":[{"name":"wp","href":"https:\/\/api.w.org\/{rel}","templated":true}]}}