{"id":6261,"date":"2019-10-22T19:04:41","date_gmt":"2019-10-22T19:04:41","guid":{"rendered":"https:\/\/arroyitoonline.com.ar\/?p=6261"},"modified":"2019-10-22T19:16:23","modified_gmt":"2019-10-22T19:16:23","slug":"el-secretario-general-del-pro-mostro-su-apoyo-al-candidato-del-intendente","status":"publish","type":"post","link":"https:\/\/arroyitoonline.com.ar\/?p=6261","title":{"rendered":"El secretario General del PRO mostr\u00f3 su apoyo &#8220;al candidato del intendente&#8221;"},"content":{"rendered":"\n<p><strong>Francisco Quintana, presidente de la Legislatura porte\u00f1a, dijo que buscan que <\/strong><em><strong>&#8220;la muy buena gesti\u00f3n de Cravero tenga continuidad en quien lo va a suceder, que hoy es parte de su equipo&#8221;<\/strong><\/em><strong>.<\/strong><\/p>\n\n\n\n<p>El secretario General del PRO a nivel Nacional y presidente de la Legislatura de la Ciudad Aut\u00f3noma de Buenos Aires, diputado Francisco Quintana, estuvo ayer en Arroyito. Su llegada al Municipio fue agradecida por el intendente Mauricio Cravero, quien adem\u00e1s lo acompa\u00f1\u00f3 a conocer Arcor. <\/p>\n\n\n\n<p>Quintana se mostr\u00f3 optimista de cara al domingo 27, cuando consider\u00f3 que Mauricio Macri dar\u00e1 vuelta el resultado de las Primarias Abiertas Simult\u00e1neas y Obligatorias. Tambi\u00e9n expres\u00f3 que el presidente estuvo m\u00e1s de 20 veces en C\u00f3rdoba, con presencia del estado y obra p\u00fablica, lo cual es valorado por los cordobeses.<\/p>\n\n\n\n<p>En relaci\u00f3n a los comicios del 10 de noviembre en nuestra ciudad, el dirigente manifest\u00f3 que <em>&#8220;Desde el PRO a nivel nacional no nos vamos a involucrar con la cuesti\u00f3n local, estamos muy satisfechos con los ocho a\u00f1os de gesti\u00f3n de Mauricio y obviamente apostamos a la continuidad a nivel local. Es por eso que decidimos manifestar que nuestra apuesta tiene que ver con el candidato del intendente, intendente que viene trabajando muy bien con nosotros, desde mucho antes que se constituya Cambiemos&#8221;<\/em>.<\/p>\n\n\n\n<figure class=\"wp-block-embed-facebook wp-block-embed is-type-video is-provider-facebook\"><div class=\"wp-block-embed__wrapper\">\nhttps:\/\/www.facebook.com\/arroyitoonlineoficial\/videos\/553410405422225\/\n<\/div><figcaption><em>La conferencia de prensa encabezada por Quintana y Cravero<\/em><\/figcaption><\/figure>\n\n\n\n<p>Por su parte, ante la consulta por la pol\u00e9mica de inclusi\u00f3n o exclusi\u00f3n de Propuesta Republicana del Frente Todos Juntos por Arroyito, Quintana dijo que <em>&#8220;Nosotros retiramos el sello a nivel local de esa alianza, despu\u00e9s de un pedido que, como autoridades nacionales, le hicimos a las autoridades provinciales. O sea que, estrictamente hoy, el PRO a nivel local no participa de esa alianza. Y eso lo hicimos porque, para nosotros, Mauricio es un intendente propio y queremos que la muy buena gesti\u00f3n que \u00e9l encabeza tenga continuidad en quien lo va a suceder, que hoy es parte de su equipo&#8221;<\/em>.<\/p>\n\n\n\n<p>Sobre el final de la rueda de prensa, el docente y abogado asever\u00f3 que <em>&#8220;Nos interesa que el 27, Mauricio Macri haga la mejor elecci\u00f3n en Arroyito y que el 10 de noviembre se confirme la continuidad a nivel local. Mauricio Macri fue el claro ganador del debate y fue un fin de semana donde recibimos el apoyo espont\u00e1neo de miles de argentinos. El 27 a la noche se va a confirmar que hay ballotage y, hasta ese momento, el presidente va a seguir proponiendo una medida por d\u00eda&#8221;<\/em> y cerr\u00f3 explicando que <em>&#8220;La buena elecci\u00f3n de Macri ac\u00e1 el 11 de agosto tiene que ver con Mauricio, pero tambi\u00e9n tiene que ver con el equipo que lidera el intendente en lo local&#8221;<\/em>.<\/p>\n","protected":false},"excerpt":{"rendered":"<p>Francisco Quintana, presidente de la Legislatura porte\u00f1a, dijo que buscan que &#8220;la muy buena gesti\u00f3n de Cravero tenga continuidad en&hellip;<\/p>\n","protected":false},"author":3,"featured_media":6263,"comment_status":"closed","ping_status":"open","sticky":false,"template":"","format":"standard","meta":{"footnotes":""},"categories":[8],"tags":[66,67,836,253,837,527,572,640],"class_list":["post-6261","post","type-post","status-publish","format-standard","has-post-thumbnail","hentry","category-politica","tag-arroyito","tag-arroyito-cordoba","tag-arroyito-online","tag-cravero","tag-lafarina","tag-mauricio-cravero","tag-noticias-de-arroyito-y-zona","tag-politica"],"_links":{"self":[{"href":"https:\/\/arroyitoonline.com.ar\/index.php?rest_route=\/wp\/v2\/posts\/6261","targetHints":{"allow":["GET"]}}],"collection":[{"href":"https:\/\/arroyitoonline.com.ar\/index.php?rest_route=\/wp\/v2\/posts"}],"about":[{"href":"https:\/\/arroyitoonline.com.ar\/index.php?rest_route=\/wp\/v2\/types\/post"}],"author":[{"embeddable":true,"href":"https:\/\/arroyitoonline.com.ar\/index.php?rest_route=\/wp\/v2\/users\/3"}],"replies":[{"embeddable":true,"href":"https:\/\/arroyitoonline.com.ar\/index.php?rest_route=%2Fwp%2Fv2%2Fcomments&post=6261"}],"version-history":[{"count":5,"href":"https:\/\/arroyitoonline.com.ar\/index.php?rest_route=\/wp\/v2\/posts\/6261\/revisions"}],"predecessor-version":[{"id":6269,"href":"https:\/\/arroyitoonline.com.ar\/index.php?rest_route=\/wp\/v2\/posts\/6261\/revisions\/6269"}],"wp:featuredmedia":[{"embeddable":true,"href":"https:\/\/arroyitoonline.com.ar\/index.php?rest_route=\/wp\/v2\/media\/6263"}],"wp:attachment":[{"href":"https:\/\/arroyitoonline.com.ar\/index.php?rest_route=%2Fwp%2Fv2%2Fmedia&parent=6261"}],"wp:term":[{"taxonomy":"category","embeddable":true,"href":"https:\/\/arroyitoonline.com.ar\/index.php?rest_route=%2Fwp%2Fv2%2Fcategories&post=6261"},{"taxonomy":"post_tag","embeddable":true,"href":"https:\/\/arroyitoonline.com.ar\/index.php?rest_route=%2Fwp%2Fv2%2Ftags&post=6261"}],"curies":[{"name":"wp","href":"https:\/\/api.w.org\/{rel}","templated":true}]}}