{"id":6278,"date":"2019-10-25T14:38:58","date_gmt":"2019-10-25T14:38:58","guid":{"rendered":"https:\/\/arroyitoonline.com.ar\/?p=6278"},"modified":"2019-10-25T14:39:02","modified_gmt":"2019-10-25T14:39:02","slug":"lafarina-avanza-con-la-gestion-del-campus-universitario-este","status":"publish","type":"post","link":"https:\/\/arroyitoonline.com.ar\/?p=6278","title":{"rendered":"Lafarina avanza con la gesti\u00f3n del Campus Universitario Este"},"content":{"rendered":"\n<p><strong>Los candidatos radicales a intendente y viceintendenta volvieron a reunirse con el decano de Econ\u00f3micas Jhon Boretto, esta vez acompa\u00f1ados por Carlos Goncebat.<\/strong><\/p>\n\n\n\n<p>D\u00edas pasados, los candidatos a intendente y viceintendenta de la UCR, Daniel Lafarina y Viviana Vercelli, junto al aspirante a concejal e integrante del equipo t\u00e9cnico de Educaci\u00f3n, Carlos Goncebat, fueron recibidos, una vez m\u00e1s, por el decano de la Facultad de Ciencias Econ\u00f3micas de la Universidad Nacional de C\u00f3rdoba, Jhon Boretto.<\/p>\n\n\n\n<p>En esta oportunidad le expusieron al magister, el proyecto arquitect\u00f3nico y todos los \u00edtems de lo que proponen como el Campus Universitario Este.<br><\/p>\n\n\n\n<p>Seg\u00fan lo explicaron desde el entorno del ingeniero,<em> &#8220;el decano nos felicit\u00f3 por el avance del proyecto y volvi\u00f3 a dar su palabra de que el Campus despu\u00e9s del 10 de noviembre ser\u00e1 una realidad para Arroyito&#8221;<\/em> y agregaron que <em>&#8220;debemos apoyar estos proyectos, porque es lo que Arroyito necesita, propuestas s\u00f3lidas, no panfletos de campa\u00f1a, no asistencialismo; nuestra ciudad se merece dirigentes preparados y que luchen por el crecimiento de Arroyito&#8221;<\/em>. <\/p>\n","protected":false},"excerpt":{"rendered":"<p>Los candidatos radicales a intendente y viceintendenta volvieron a reunirse con el decano de Econ\u00f3micas Jhon Boretto, esta vez acompa\u00f1ados&hellip;<\/p>\n","protected":false},"author":3,"featured_media":6282,"comment_status":"closed","ping_status":"open","sticky":false,"template":"","format":"standard","meta":{"footnotes":""},"categories":[8],"tags":[66,67,836,310,837,572,640,785],"class_list":["post-6278","post","type-post","status-publish","format-standard","has-post-thumbnail","hentry","category-politica","tag-arroyito","tag-arroyito-cordoba","tag-arroyito-online","tag-educacion","tag-lafarina","tag-noticias-de-arroyito-y-zona","tag-politica","tag-universidad"],"_links":{"self":[{"href":"https:\/\/arroyitoonline.com.ar\/index.php?rest_route=\/wp\/v2\/posts\/6278","targetHints":{"allow":["GET"]}}],"collection":[{"href":"https:\/\/arroyitoonline.com.ar\/index.php?rest_route=\/wp\/v2\/posts"}],"about":[{"href":"https:\/\/arroyitoonline.com.ar\/index.php?rest_route=\/wp\/v2\/types\/post"}],"author":[{"embeddable":true,"href":"https:\/\/arroyitoonline.com.ar\/index.php?rest_route=\/wp\/v2\/users\/3"}],"replies":[{"embeddable":true,"href":"https:\/\/arroyitoonline.com.ar\/index.php?rest_route=%2Fwp%2Fv2%2Fcomments&post=6278"}],"version-history":[{"count":1,"href":"https:\/\/arroyitoonline.com.ar\/index.php?rest_route=\/wp\/v2\/posts\/6278\/revisions"}],"predecessor-version":[{"id":6286,"href":"https:\/\/arroyitoonline.com.ar\/index.php?rest_route=\/wp\/v2\/posts\/6278\/revisions\/6286"}],"wp:featuredmedia":[{"embeddable":true,"href":"https:\/\/arroyitoonline.com.ar\/index.php?rest_route=\/wp\/v2\/media\/6282"}],"wp:attachment":[{"href":"https:\/\/arroyitoonline.com.ar\/index.php?rest_route=%2Fwp%2Fv2%2Fmedia&parent=6278"}],"wp:term":[{"taxonomy":"category","embeddable":true,"href":"https:\/\/arroyitoonline.com.ar\/index.php?rest_route=%2Fwp%2Fv2%2Fcategories&post=6278"},{"taxonomy":"post_tag","embeddable":true,"href":"https:\/\/arroyitoonline.com.ar\/index.php?rest_route=%2Fwp%2Fv2%2Ftags&post=6278"}],"curies":[{"name":"wp","href":"https:\/\/api.w.org\/{rel}","templated":true}]}}