{"id":6303,"date":"2019-10-28T03:30:54","date_gmt":"2019-10-28T03:30:54","guid":{"rendered":"https:\/\/arroyitoonline.com.ar\/?p=6303"},"modified":"2019-10-28T03:30:59","modified_gmt":"2019-10-28T03:30:59","slug":"en-arroyito-macri-se-impuso-por-el-67-de-los-votos","status":"publish","type":"post","link":"https:\/\/arroyitoonline.com.ar\/?p=6303","title":{"rendered":"En Arroyito, Macri se impuso por el 67% de los votos"},"content":{"rendered":"\n<p><strong>Nuestra ciudad ratific\u00f3 su preferencia por el presidente saliente, que ampli\u00f3 la diferencia obtenida en las PASO, en un 10%.<\/strong><\/p>\n\n\n\n<p>Esta noche, como hab\u00eda sucedido en las Primarias Abiertas Simult\u00e1neas y Obligatorias, Arroyito ratific\u00f3 su preferencia por el presidente saliente Mauricio Macri, quien incluso ampli\u00f3 su ventaja un 10%. <\/p>\n\n\n\n<p>As\u00ed lo anunciaron, pasadas las 20:00 horas, en el centro de c\u00f3mputos de Juntos por el Cambio, que funcion\u00f3 en el Comit\u00e9 de la Uni\u00f3n C\u00edvica Radical, y estuvo a cargo de Gustavo Pecchio, Daniel Lafarina y Viviana Vercelli.<\/p>\n\n\n\n<p>A esa hora, el intendente Mauricio Cravero confirm\u00f3 la noticia, en conferencia de prensa. <em>&#8220;Juntos Por el Cambio est\u00e1 obteniendo un triunfo terminante, con el 66% de los votos. Estamos gratamente sorprendidos y es la muestra de todo el trabajo que viene haciendo todo este equipazo de gente que trabaja el d\u00eda de la elecci\u00f3n y en el puerta a puerta&#8221;<\/em>, remarc\u00f3 el primer mandatario local, y aclar\u00f3 que el Radicalismo fue el que fiscaliz\u00f3 el 99% de las mesas para Macri\u2013Pichetto. <\/p>\n\n\n\n<figure class=\"wp-block-embed-facebook wp-block-embed is-type-video is-provider-facebook\"><div class=\"wp-block-embed__wrapper\">\nhttps:\/\/www.facebook.com\/arroyitoonlineoficial\/videos\/2765601613484262\/\n<\/div><figcaption><em>La conferencia de prensa de Cravero, en el Comit\u00e9<\/em><\/figcaption><\/figure>\n\n\n\n<p>A medida que ingresaban los n\u00fameros de las mesas, la diferencia se tornaba irreversible. De los resultados oficiales se desprende que la participaci\u00f3n alcanz\u00f3 el 76,79%, un total de 16.174 electores, de 21.090 que integraban el padr\u00f3n.<\/p>\n\n\n\n<p>Juntos Por el Cambio, que llev\u00f3 a la f\u00f3rmula Mauricio Macri\u2013Miguel Pichetto, obtuvo en la dulce ciudad, uno de sus bastiones a nivel nacional, 11.703 (66,83%),  2.957 m\u00e1s que en las PASO (8.746 votos \u2013 56,33%).<\/p>\n\n\n\n<p>Por su parte, el binomio del Frente de Todos, Alberto Fern\u00e1ndez\u2013Cristina Fern\u00e1ndez, logr\u00f3 3.742 (21,37%), 310 m\u00e1s que en las Primarias (3.432 sufragios \u2013 22,10%).<\/p>\n\n\n\n<figure class=\"wp-block-embed-facebook wp-block-embed is-type-video is-provider-facebook\"><div class=\"wp-block-embed__wrapper\">\nhttps:\/\/www.facebook.com\/arroyitoonlineoficial\/videos\/656039811919474\/\n<\/div><figcaption><em>Los festejos en el b\u00fanker local del Frente de Todos<\/em><\/figcaption><\/figure>\n\n\n\n<p>Detr\u00e1s quedaron Roberto Lavagna\u2013Juan Manuel Urtubey (Consenso para el Futuro \/ Consenso Federal) con 939 (5.36%); Juan G\u00f3mez Centuri\u00f3n\u2013Cyntia Hotton (Frente NOS \/ Celeste 2019), 301 (1,72%); Jos\u00e9 Luis Espert\u2013Luis Rosales (Unite por la Libertad y la Dignidad \/ Despertar), 231 (1,32%), y Nicol\u00e1s Del Ca\u00f1o\u2013Romina Del Pla (Frente de Izquierda y de Trabajadores \/ Unidad), 171 (0,98%). <\/p>\n\n\n\n<p><strong>Cravero opin\u00f3 sobre su antecesor<\/strong><\/p>\n\n\n\n<p><em>&#8220;Benedetti tendr\u00e1 que dar explicaciones, ya que ha hecho un acuerdo con nuestro archi rival de toda la vida en la pol\u00edtica. Soy un tipo que se ha manejado de una manera transparente. Para muchos de nosotros la firma y la palabra valen m\u00e1s que muchas cosas. Nosotros vamos a trabajar para que el 100% de los vecinos conozca la propuesta de Daniel y Viviana y de todo el equipo. El 80% acepta este gobierno. Yo considero que no se puede ser un poquito de Boca y un poquito de River, se es de Boca o se es de River. Despu\u00e9s la gente valorar\u00e1 la conducta de cada uno de nosotros&#8221;<\/em>, asever\u00f3 el intendente.<\/p>\n","protected":false},"excerpt":{"rendered":"<p>Nuestra ciudad ratific\u00f3 su preferencia por el presidente saliente, que ampli\u00f3 la diferencia obtenida en las PASO, en un 10%.&hellip;<\/p>\n","protected":false},"author":3,"featured_media":6304,"comment_status":"closed","ping_status":"open","sticky":false,"template":"","format":"standard","meta":{"footnotes":""},"categories":[8],"tags":[13,66,836,253,318,1016,837,511,527,572,640,871],"class_list":["post-6303","post","type-post","status-publish","format-standard","has-post-thumbnail","hentry","category-politica","tag-13","tag-arroyito","tag-arroyito-online","tag-cravero","tag-elecciones","tag-juntos-por-el-cambio","tag-lafarina","tag-macri","tag-mauricio-cravero","tag-noticias-de-arroyito-y-zona","tag-politica","tag-radicalismo"],"_links":{"self":[{"href":"https:\/\/arroyitoonline.com.ar\/index.php?rest_route=\/wp\/v2\/posts\/6303","targetHints":{"allow":["GET"]}}],"collection":[{"href":"https:\/\/arroyitoonline.com.ar\/index.php?rest_route=\/wp\/v2\/posts"}],"about":[{"href":"https:\/\/arroyitoonline.com.ar\/index.php?rest_route=\/wp\/v2\/types\/post"}],"author":[{"embeddable":true,"href":"https:\/\/arroyitoonline.com.ar\/index.php?rest_route=\/wp\/v2\/users\/3"}],"replies":[{"embeddable":true,"href":"https:\/\/arroyitoonline.com.ar\/index.php?rest_route=%2Fwp%2Fv2%2Fcomments&post=6303"}],"version-history":[{"count":1,"href":"https:\/\/arroyitoonline.com.ar\/index.php?rest_route=\/wp\/v2\/posts\/6303\/revisions"}],"predecessor-version":[{"id":6307,"href":"https:\/\/arroyitoonline.com.ar\/index.php?rest_route=\/wp\/v2\/posts\/6303\/revisions\/6307"}],"wp:featuredmedia":[{"embeddable":true,"href":"https:\/\/arroyitoonline.com.ar\/index.php?rest_route=\/wp\/v2\/media\/6304"}],"wp:attachment":[{"href":"https:\/\/arroyitoonline.com.ar\/index.php?rest_route=%2Fwp%2Fv2%2Fmedia&parent=6303"}],"wp:term":[{"taxonomy":"category","embeddable":true,"href":"https:\/\/arroyitoonline.com.ar\/index.php?rest_route=%2Fwp%2Fv2%2Fcategories&post=6303"},{"taxonomy":"post_tag","embeddable":true,"href":"https:\/\/arroyitoonline.com.ar\/index.php?rest_route=%2Fwp%2Fv2%2Ftags&post=6303"}],"curies":[{"name":"wp","href":"https:\/\/api.w.org\/{rel}","templated":true}]}}