{"id":6338,"date":"2019-10-25T14:51:53","date_gmt":"2019-10-25T14:51:53","guid":{"rendered":"https:\/\/arroyitoonline.com.ar\/?p=6338"},"modified":"2019-11-05T11:57:36","modified_gmt":"2019-11-05T11:57:36","slug":"sortearon-la-vivienda-361-de-la-gestion-cravero","status":"publish","type":"post","link":"https:\/\/arroyitoonline.com.ar\/?p=6338","title":{"rendered":"Sortearon la vivienda 361, de la gesti\u00f3n Cravero"},"content":{"rendered":"\n<p><strong>El Municipio adjudic\u00f3 12 unidades habitacionales del Plan Casa Social y 16 inmuebles del Plan Casa.<\/strong><\/p>\n\n\n\n<p>En un Auditorio Coral\u00a0con adherentes llenos de ilusiones, familiares y p\u00fablico en general, el Municipio realiz\u00f3 el sorteo de la vivienda 361 de la gesti\u00f3n Cravero.<\/p>\n\n\n\n<p>El acontecimiento estuvo encabezado por el intendente, junto a su esposa Mar\u00eda Laura, la viceintendenta Graciela Tristany, concejales, el secretario de Obras P\u00fablicas Daniel Lafarina, dem\u00e1s funcionarios y la escribana p\u00fablica nacional Mar\u00eda Fernanda Cort\u00e9s de Casco, que ha fiscalizado todas estas instancias sin cobrar sus honorarios.<\/p>\n\n\n\n<p>Los siguientes fueron los 12 ganadores de las viviendas del Plan Casa Social:<\/p>\n\n\n\n<p>M\u00e1rquez Julio Adrian\u00a0y Meneghel Malena Melina\u00a0(Padr\u00f3n Discapacidad y Mayores de 70 a\u00f1os), Varela Roberto Carlos y Ferreyra Claudia Susana, Sachetto Jos\u00e9 Luis y Buttigliero Yanina Paola, Grabobi Alejandro Ezequiel, Paredes Ram\u00f3n Juan Bautista, Quinteros Magdalena Antonia, Garnero Anabella, Far\u00edas Cristian Leonel, Moyano Anabella Carolina y Ver\u00f3n Juan Domingo, Sosa N\u00e9stor Alejandro, Mansilla Silvia Eliana y Mugas Dar\u00edo Mart\u00edn.\u00a0<\/p>\n\n\n\n<p>Los que se leen a continuaci\u00f3n son los 16 nuevos propietarios de las unidades habitacionales del Plan Casa:<\/p>\n\n\n\n<p>Baez Marcos Sebasti\u00e1n y Bitochi Norma del Valle (Padr\u00f3n Discapacidad y Mayores de 70 a\u00f1os), Garc\u00eda Melisa Paola, D\u00edaz Iv\u00e1n Alejandro y Almada Lorena Elizabeth, Funes Ramona Argentina, \u00c1lvarez Gustavo Roberto y Sosa Jesica Jorgelina,\u00a0 P\u00e9rez Mat\u00edas Rub\u00e9n, Luque Andr\u00e9s Mauricio, Ju\u00e1rez Diego Alejandro y Vel\u00e1zquez Natalia Paola, Mart\u00edn Julia Elena, Ludue\u00f1a Silvana Alejandra, Noriega Luciana Celeste, Reano Juan Pablo y Luque Ver\u00f3nica Anal\u00eda, L\u00f3pez Marcela Soledad y Oddo Maldonado Joel, Jans Cinthya Nohel\u00ed y Guti\u00e9rrez Griselda Magali.\u00a0<\/p>\n\n\n\n<p>Cada inmueble del Plan Casa Social cuenta con 30 metros cuadrados de superficie cubierta y se compone de un mono ambiente, cocina con mesada instalada, ba\u00f1o instalado completo, con pisos y revestimiento de cer\u00e1micos, piso del sal\u00f3n multiuso de cemento alisado, instalaci\u00f3n de agua fr\u00eda y caliente, instalaci\u00f3n completa de gas, instalaci\u00f3n el\u00e9ctrica completa, e instalaci\u00f3n TV por cable.<\/p>\n\n\n\n<p>Cada vivienda del Plan Casa cuenta con 56 metros de superficie cubierta, dos dormitorios, cocina comedor, piso y revestimientos de cer\u00e1mica completos, mesada instalada, ba\u00f1o instalado completo, instalaci\u00f3n de agua fr\u00eda y caliente, instalaci\u00f3n completa de gas, instalaci\u00f3n el\u00e9ctrica completa, instalaci\u00f3n TV por cable, aberturas son de aluminio, rejas en todas las ventanas. Todos los lotes tienen 10,20 metros de frente.<\/p>\n\n\n\n<p>Fuente: Prensa Municipal. \u00a0<\/p>\n","protected":false},"excerpt":{"rendered":"<p>El Municipio adjudic\u00f3 12 unidades habitacionales del Plan Casa Social y 16 inmuebles del Plan Casa. En un Auditorio Coral\u00a0con&hellip;<\/p>\n","protected":false},"author":3,"featured_media":6388,"comment_status":"closed","ping_status":"open","sticky":false,"template":"","format":"standard","meta":{"footnotes":""},"categories":[1044],"tags":[66,67,836,253,837,527,572,624,625,813],"class_list":["post-6338","post","type-post","status-publish","format-standard","has-post-thumbnail","hentry","category-obras-publicas","tag-arroyito","tag-arroyito-cordoba","tag-arroyito-online","tag-cravero","tag-lafarina","tag-mauricio-cravero","tag-noticias-de-arroyito-y-zona","tag-plan-casa","tag-plan-casa-social","tag-viviendas"],"_links":{"self":[{"href":"https:\/\/arroyitoonline.com.ar\/index.php?rest_route=\/wp\/v2\/posts\/6338","targetHints":{"allow":["GET"]}}],"collection":[{"href":"https:\/\/arroyitoonline.com.ar\/index.php?rest_route=\/wp\/v2\/posts"}],"about":[{"href":"https:\/\/arroyitoonline.com.ar\/index.php?rest_route=\/wp\/v2\/types\/post"}],"author":[{"embeddable":true,"href":"https:\/\/arroyitoonline.com.ar\/index.php?rest_route=\/wp\/v2\/users\/3"}],"replies":[{"embeddable":true,"href":"https:\/\/arroyitoonline.com.ar\/index.php?rest_route=%2Fwp%2Fv2%2Fcomments&post=6338"}],"version-history":[{"count":2,"href":"https:\/\/arroyitoonline.com.ar\/index.php?rest_route=\/wp\/v2\/posts\/6338\/revisions"}],"predecessor-version":[{"id":6389,"href":"https:\/\/arroyitoonline.com.ar\/index.php?rest_route=\/wp\/v2\/posts\/6338\/revisions\/6389"}],"wp:featuredmedia":[{"embeddable":true,"href":"https:\/\/arroyitoonline.com.ar\/index.php?rest_route=\/wp\/v2\/media\/6388"}],"wp:attachment":[{"href":"https:\/\/arroyitoonline.com.ar\/index.php?rest_route=%2Fwp%2Fv2%2Fmedia&parent=6338"}],"wp:term":[{"taxonomy":"category","embeddable":true,"href":"https:\/\/arroyitoonline.com.ar\/index.php?rest_route=%2Fwp%2Fv2%2Fcategories&post=6338"},{"taxonomy":"post_tag","embeddable":true,"href":"https:\/\/arroyitoonline.com.ar\/index.php?rest_route=%2Fwp%2Fv2%2Ftags&post=6338"}],"curies":[{"name":"wp","href":"https:\/\/api.w.org\/{rel}","templated":true}]}}