{"id":6400,"date":"2019-11-06T02:43:24","date_gmt":"2019-11-06T02:43:24","guid":{"rendered":"https:\/\/arroyitoonline.com.ar\/?p=6400"},"modified":"2019-11-06T02:49:40","modified_gmt":"2019-11-06T02:49:40","slug":"benedetti-junto-a-la-dirigencia-de-soema-el-empleado-municipal-no-puede-estar-precarizado","status":"publish","type":"post","link":"https:\/\/arroyitoonline.com.ar\/?p=6400","title":{"rendered":"Benedetti, junto a la dirigencia de Soema: \u201cEl empleado municipal no puede estar precarizado\u201d"},"content":{"rendered":"\n<p><strong><em>\u201cDesde nuestro espacio tenemos un\ncompromiso asumido con la estabilidad laboral de los empleados, y con la mejora\nde sus condiciones laborales\u201d<\/em><\/strong><strong>, dijo el candidato a intendente.<\/strong><\/p>\n\n\n\n<p>El candidato a Intendente de\nTodos Juntos por Arroyito, Gustavo Benedetti, junto a los candidatos a\nconcejales Jes\u00fas Beigveder y Alejandra D\u00edaz, mantuvieron una reuni\u00f3n con las\nautoridades del Sindicato de Obreros y Empleados Municipales de Arroyito (Soema),\nrepresentado por Diego Dom\u00ednguez y Rene D\u00edaz.<\/p>\n\n\n\n<p><em>\u201cSe convoc\u00f3 a un trabajo en conjunto para mejorar la situaci\u00f3n laboral de\nlos empleados con contratos Becar y bregar por las mejoras laborales de los\nempleados administrativos municipales precarizados\u201d<\/em>, indicaron\nvoceros del espacio liderado por el actual edil, agregando que <em>\u201cTambi\u00e9n se dispuso trabajar de manera\nconjunta con el sindicato en cuanto a capacitaciones para empleados, con el fin\nde fortalecer la calidad institucional de la municipalidad, en cada \u00e1rea. Por\nlo dem\u00e1s se resalt\u00f3 la necesidad de hacer cumplir el derecho de libre\nasociaci\u00f3n pol\u00edtica, permitiendo el desarrollo personal y laboral de cada\ntrabajador municipal, sin presiones, ni persecuciones\u201d<\/em>.<\/p>\n\n\n\n<p>En este marco, Benedetti sostuvo que <em>\u201cdesde nuestro espacio tenemos un compromiso asumido con la estabilidad laboral de los empleados, y con la mejora de sus condiciones laborales\u201d<\/em>.<\/p>\n\n\n\n<p>Fuente: Prensa Todos Juntos Por Arroyito. <\/p>\n","protected":false},"excerpt":{"rendered":"<p>\u201cDesde nuestro espacio tenemos un compromiso asumido con la estabilidad laboral de los empleados, y con la mejora de sus&hellip;<\/p>\n","protected":false},"author":3,"featured_media":6401,"comment_status":"closed","ping_status":"open","sticky":false,"template":"","format":"standard","meta":{"footnotes":""},"categories":[8],"tags":[13,66,67,836,115,318,911,968,572,640,981],"class_list":["post-6400","post","type-post","status-publish","format-standard","has-post-thumbnail","hentry","category-politica","tag-13","tag-arroyito","tag-arroyito-cordoba","tag-arroyito-online","tag-benedetti","tag-elecciones","tag-empleados-municipales","tag-gustavo-benedetti","tag-noticias-de-arroyito-y-zona","tag-politica","tag-soema"],"_links":{"self":[{"href":"https:\/\/arroyitoonline.com.ar\/index.php?rest_route=\/wp\/v2\/posts\/6400","targetHints":{"allow":["GET"]}}],"collection":[{"href":"https:\/\/arroyitoonline.com.ar\/index.php?rest_route=\/wp\/v2\/posts"}],"about":[{"href":"https:\/\/arroyitoonline.com.ar\/index.php?rest_route=\/wp\/v2\/types\/post"}],"author":[{"embeddable":true,"href":"https:\/\/arroyitoonline.com.ar\/index.php?rest_route=\/wp\/v2\/users\/3"}],"replies":[{"embeddable":true,"href":"https:\/\/arroyitoonline.com.ar\/index.php?rest_route=%2Fwp%2Fv2%2Fcomments&post=6400"}],"version-history":[{"count":2,"href":"https:\/\/arroyitoonline.com.ar\/index.php?rest_route=\/wp\/v2\/posts\/6400\/revisions"}],"predecessor-version":[{"id":6404,"href":"https:\/\/arroyitoonline.com.ar\/index.php?rest_route=\/wp\/v2\/posts\/6400\/revisions\/6404"}],"wp:featuredmedia":[{"embeddable":true,"href":"https:\/\/arroyitoonline.com.ar\/index.php?rest_route=\/wp\/v2\/media\/6401"}],"wp:attachment":[{"href":"https:\/\/arroyitoonline.com.ar\/index.php?rest_route=%2Fwp%2Fv2%2Fmedia&parent=6400"}],"wp:term":[{"taxonomy":"category","embeddable":true,"href":"https:\/\/arroyitoonline.com.ar\/index.php?rest_route=%2Fwp%2Fv2%2Fcategories&post=6400"},{"taxonomy":"post_tag","embeddable":true,"href":"https:\/\/arroyitoonline.com.ar\/index.php?rest_route=%2Fwp%2Fv2%2Ftags&post=6400"}],"curies":[{"name":"wp","href":"https:\/\/api.w.org\/{rel}","templated":true}]}}