{"id":6420,"date":"2019-11-11T02:48:26","date_gmt":"2019-11-11T02:48:26","guid":{"rendered":"https:\/\/arroyitoonline.com.ar\/?p=6420"},"modified":"2019-11-11T02:52:30","modified_gmt":"2019-11-11T02:52:30","slug":"benedetti-es-el-nuevo-intendente-de-arroyito","status":"publish","type":"post","link":"https:\/\/arroyitoonline.com.ar\/?p=6420","title":{"rendered":"Benedetti es el nuevo intendente de Arroyito"},"content":{"rendered":"\n<p><strong>Ser\u00e1 la primera vez, desde la vuelta a la democracia, que un exintendente regresa a gobernar la ciudad.<\/strong><\/p>\n\n\n\n<p>Esta noche, tras una jornada electoral intensa, se conocieron los resultados de los comicios municipales Arroyito 2019.<\/p>\n\n\n\n<p>Seg\u00fan el centro de c\u00f3mputos del Comit\u00e9 UCR, la f\u00f3rmula <strong>Gustavo Benedetti | Mar\u00eda Jos\u00e9 Esp\u00f3sito<\/strong> (Todos Juntos Por Arroyito) se impuso con el <strong>43,58%<\/strong> de los votos, un total de <strong>6.673<\/strong> sufragios. Como segunda fuerza qued\u00f3 la Uni\u00f3n C\u00edvica Radical (Sigamos Creciendo), a trav\u00e9s del binomio <strong>Daniel Lafarina | Viviana Vercelli<\/strong>, con <strong>4.778<\/strong> votos (<strong>31,20%<\/strong>). Detr\u00e1s se encolumnaron <strong>Wilson Genesio | Gisela Magnano<\/strong> (Vecinalismo Independiente) con <strong>2.291<\/strong> votos (<strong>14,96%<\/strong>), <strong>Cacho Maldini | Olga Ib\u00e1\u00f1ez<\/strong> (Arroyito Para Todos | Partido Socialista) con <strong>871<\/strong> sufragios (<strong>5,69%<\/strong>) y <strong>Licho Ludue\u00f1a | Luciano Serra <\/strong>(Arroyito de Todos | Partido Solidario) con <strong>505 <\/strong>votos (<strong>3,30%<\/strong>).<\/p>\n\n\n\n<p>Con las 58 mesas escrutadas pudo saberse que votaron <strong>15.313<\/strong> electores y no lo hicieron 4.972, es decir que sufrag\u00f3 un <strong>75,5%<\/strong> de las personas habilitadas para hacerlo (20.285). No se registraron votos impugnados. Mientras que fueron 71 los blancos, 116 los nulos y siete los recurridos. <\/p>\n\n\n\n<p><strong>Tribunal de Cuentas y Concejo Deliberante<\/strong><\/p>\n\n\n\n<p>Con los resultados del escrutinio provisorio publicados, el nuevo Concejo Deliberante estar\u00eda conformado por cinco ediles de la alianza ganadora: Alejandra D\u00edaz, Jes\u00fas Beigveder, Claudia Oberto, Jos\u00e9 Luis Colazo y Jaquelina Ver\u00f3n; tres concejales de la primera minor\u00eda (UCR): Mauricio Cravero, Lidia Mart\u00ednez y Carlos Francisca, y una banca unipersonal: Wilson Genesio. <\/p>\n\n\n\n<p>Por su parte, el Tribunal de Cuentas ser\u00eda integrado por: presidente Franco Bruno (Todos Juntos Por Arroyito) y vocales Karem Martorella (Todos Juntos Por Arroyito) y Cecilia Viotti (UCR).<\/p>\n\n\n\n<p><strong>Festejos con visita<\/strong><\/p>\n\n\n\n<p>Durante los festejos en el b\u00fanker benedettista apareci\u00f3 en escena el vicegobernador electo, Manuel Calvo, quien refrend\u00f3 con su presencia el acuerdo que el intendente elegido mantiene con Hacemos por C\u00f3rdoba, la alianza que gobierna la provincia.<\/p>\n\n\n\n<figure><iframe loading=\"lazy\" src=\"https:\/\/www.facebook.com\/plugins\/post.php?href=https%3A%2F%2Fwww.facebook.com%2FManuelCalvoCba%2Fposts%2F2480840155369230&amp;width=500\" width=\"500\" height=\"745\"><\/iframe><\/figure>\n\n\n\n<p>Calvo no ocult\u00f3 su alegr\u00eda expresando que<em> &#8220;hemos amalgamado ideas, trabajamos juntos, y somos parte de un espacio pol\u00edtico que quiere el progreso de Arroyito. Tenemos el compromiso de seguir construyendo y cuidando lo que hemos conseguido hasta ac\u00e1. Nuestro compromiso es trabajar por la gente&#8221;<\/em>.<\/p>\n","protected":false},"excerpt":{"rendered":"<p>Ser\u00e1 la primera vez, desde la vuelta a la democracia, que un exintendente regresa a gobernar la ciudad. Esta noche,&hellip;<\/p>\n","protected":false},"author":3,"featured_media":6421,"comment_status":"closed","ping_status":"open","sticky":false,"template":"","format":"standard","meta":{"footnotes":""},"categories":[8],"tags":[13,66,67,836,115,318,968,572,640],"class_list":["post-6420","post","type-post","status-publish","format-standard","has-post-thumbnail","hentry","category-politica","tag-13","tag-arroyito","tag-arroyito-cordoba","tag-arroyito-online","tag-benedetti","tag-elecciones","tag-gustavo-benedetti","tag-noticias-de-arroyito-y-zona","tag-politica"],"_links":{"self":[{"href":"https:\/\/arroyitoonline.com.ar\/index.php?rest_route=\/wp\/v2\/posts\/6420","targetHints":{"allow":["GET"]}}],"collection":[{"href":"https:\/\/arroyitoonline.com.ar\/index.php?rest_route=\/wp\/v2\/posts"}],"about":[{"href":"https:\/\/arroyitoonline.com.ar\/index.php?rest_route=\/wp\/v2\/types\/post"}],"author":[{"embeddable":true,"href":"https:\/\/arroyitoonline.com.ar\/index.php?rest_route=\/wp\/v2\/users\/3"}],"replies":[{"embeddable":true,"href":"https:\/\/arroyitoonline.com.ar\/index.php?rest_route=%2Fwp%2Fv2%2Fcomments&post=6420"}],"version-history":[{"count":4,"href":"https:\/\/arroyitoonline.com.ar\/index.php?rest_route=\/wp\/v2\/posts\/6420\/revisions"}],"predecessor-version":[{"id":6427,"href":"https:\/\/arroyitoonline.com.ar\/index.php?rest_route=\/wp\/v2\/posts\/6420\/revisions\/6427"}],"wp:featuredmedia":[{"embeddable":true,"href":"https:\/\/arroyitoonline.com.ar\/index.php?rest_route=\/wp\/v2\/media\/6421"}],"wp:attachment":[{"href":"https:\/\/arroyitoonline.com.ar\/index.php?rest_route=%2Fwp%2Fv2%2Fmedia&parent=6420"}],"wp:term":[{"taxonomy":"category","embeddable":true,"href":"https:\/\/arroyitoonline.com.ar\/index.php?rest_route=%2Fwp%2Fv2%2Fcategories&post=6420"},{"taxonomy":"post_tag","embeddable":true,"href":"https:\/\/arroyitoonline.com.ar\/index.php?rest_route=%2Fwp%2Fv2%2Ftags&post=6420"}],"curies":[{"name":"wp","href":"https:\/\/api.w.org\/{rel}","templated":true}]}}