{"id":6431,"date":"2019-11-12T13:47:14","date_gmt":"2019-11-12T13:47:14","guid":{"rendered":"https:\/\/arroyitoonline.com.ar\/?p=6431"},"modified":"2019-11-12T16:39:34","modified_gmt":"2019-11-12T16:39:34","slug":"fiesta-nacional-de-la-dulce-ciudad-vuelven-cacho-buenaventura-y-destino-san-javier","status":"publish","type":"post","link":"https:\/\/arroyitoonline.com.ar\/?p=6431","title":{"rendered":"Fiesta Nacional de la Dulce Ciudad: Vuelven Cacho Buenaventura y Destino San Javier"},"content":{"rendered":"\n<p><strong>Dos de los artistas m\u00e1s convocantes en ediciones anteriores repetir\u00e1n presentaciones. Junto al humorista estar\u00e1 Do\u00f1a Jovita. El viernes, Amato. <\/strong><\/p>\n\n\n\n<p>Ayer, pasadas las elecciones municipales, el intendente saliente Mauricio Cravero confirm\u00f3 en exclusiva a <strong>Arroyito Online<\/strong>, qui\u00e9nes ser\u00e1n los artistas que animar\u00e1n la Fiesta de la Dulce Ciudad del Pa\u00eds 2019, en lo que representar\u00e1 su primera edici\u00f3n Nacional, tras cinco entregas con car\u00e1cter Provincial. <\/p>\n\n\n\n<p>Los eventos se desarrollar\u00e1n en plena semana de Arroyito, los d\u00edas viernes 22, s\u00e1bado 23 y domingo 24 de noviembre pr\u00f3ximos, con entrada libre y gratuita. La apertura, como ya lo hab\u00edamos anticipado en primicia, estar\u00e1 a cargo de <strong>Cristian &#8220;El Loco&#8221; Amato<\/strong>.<\/p>\n\n\n\n<p>La \u00faltima presentaci\u00f3n del ex\u2013La Fiesta en nuestra ciudad hab\u00eda sido el 8 de junio de 2018, en el Sal\u00f3n Bomberos. Desde aquel momento, la expectativa por su retorno ven\u00eda acrecent\u00e1ndose, ya que es uno de los cuarteteros m\u00e1s seguidos a nivel local.<\/p>\n\n\n\n<p>Pero, la espera de los fans terminar\u00e1 el viernes 22 de noviembre (justo en 2019, a\u00f1o en el que \u201cel 22\u201d festej\u00f3 sus 22 a\u00f1os de carrera). El Loco ser\u00e1 el gran protagonista en la noche inaugural de la Fiesta m\u00e1s Dulce del pa\u00eds. <\/p>\n\n\n\n<p>Despu\u00e9s, el s\u00e1bado 23, luego de lo que ser\u00e1 el acto conmemorativo del D\u00eda del Origen, llegar\u00e1 el turno de la noche del humor, con dos actores principales: <strong>Cacho Buenaventura<\/strong>, que repite luego de ser el m\u00e1s convocante de la edici\u00f3n 2017, y <strong>Do\u00f1a Jovita<\/strong>.<\/p>\n\n\n\n<p>Adem\u00e1s, esa ser\u00e1 la ocasi\u00f3n en que se realizar\u00e1 la elecci\u00f3n de la primera Reina Nacional de la Dulce Ciudad del Pa\u00eds, cetro por el que competir\u00e1 la soberana local Delfina Micaelli. Seg\u00fan anticiparon fuentes, ya llamaron al Municipio desde diversos puntos de Argentina manifestando sus intenciones de participaci\u00f3n. <\/p>\n\n\n\n<figure class=\"wp-block-image\"><img loading=\"lazy\" decoding=\"async\" width=\"1024\" height=\"683\" src=\"https:\/\/arroyitoonline.com.ar\/wp-content\/uploads\/2019\/11\/destino-san-javier-2018-1024x683.jpg\" alt=\"\" class=\"wp-image-6433\" srcset=\"https:\/\/arroyitoonline.com.ar\/wp-content\/uploads\/2019\/11\/destino-san-javier-2018-1024x683.jpg 1024w, https:\/\/arroyitoonline.com.ar\/wp-content\/uploads\/2019\/11\/destino-san-javier-2018-300x200.jpg 300w, https:\/\/arroyitoonline.com.ar\/wp-content\/uploads\/2019\/11\/destino-san-javier-2018-768x512.jpg 768w, https:\/\/arroyitoonline.com.ar\/wp-content\/uploads\/2019\/11\/destino-san-javier-2018.jpg 1200w\" sizes=\"auto, (max-width: 1024px) 100vw, 1024px\" \/><figcaption><em>Ante una C\u00fapula repleta, Destino San Javier cerr\u00f3 la edici\u00f3n 2018 de la Fiesta m\u00e1s dulce del pa\u00eds<\/em><\/figcaption><\/figure>\n\n\n\n<p>Por \u00faltimo, el domingo 24, luego de una exitosa presentaci\u00f3n en nuestra ciudad el a\u00f1o pasado, y ante el pedido del p\u00fablico de que vuelva, regresa <strong>Destino San Javier<\/strong>, consecuencia del Tr\u00edo San Javier, con su repertorio de folclore moderno y boleros rom\u00e1nticos, que mantiene vivo el legado de Pedro Favini y Pepe Ragone, padres de los integrantes. <\/p>\n\n\n\n<p>M\u00e1s dulce y federal que nunca, la fiesta de Arroyito traer\u00e1 alegr\u00eda a un a\u00f1o marcado por las cuestiones electorales y pol\u00edticas, significando un soplo de aire fresco para todos los que asistan. <\/p>\n","protected":false},"excerpt":{"rendered":"<p>Dos de los artistas m\u00e1s convocantes en ediciones anteriores repetir\u00e1n presentaciones. Junto al humorista estar\u00e1 Do\u00f1a Jovita. El viernes, Amato.&hellip;<\/p>\n","protected":false},"author":3,"featured_media":6432,"comment_status":"closed","ping_status":"open","sticky":false,"template":"","format":"standard","meta":{"footnotes":""},"categories":[2],"tags":[66,67,836,253,864,351,372,373,1040,527,555,556,572],"class_list":["post-6431","post","type-post","status-publish","format-standard","has-post-thumbnail","hentry","category-cultura-y-espectaculos","tag-arroyito","tag-arroyito-cordoba","tag-arroyito-online","tag-cravero","tag-cultura-y-espectaculos-online","tag-espectaculos","tag-fiesta","tag-fiesta-de-la-dulce-ciudad","tag-fiesta-nacional-de-la-dulce-ciudad-del-pais","tag-mauricio-cravero","tag-municipalidad","tag-municipalidad-de-arroyito","tag-noticias-de-arroyito-y-zona"],"_links":{"self":[{"href":"https:\/\/arroyitoonline.com.ar\/index.php?rest_route=\/wp\/v2\/posts\/6431","targetHints":{"allow":["GET"]}}],"collection":[{"href":"https:\/\/arroyitoonline.com.ar\/index.php?rest_route=\/wp\/v2\/posts"}],"about":[{"href":"https:\/\/arroyitoonline.com.ar\/index.php?rest_route=\/wp\/v2\/types\/post"}],"author":[{"embeddable":true,"href":"https:\/\/arroyitoonline.com.ar\/index.php?rest_route=\/wp\/v2\/users\/3"}],"replies":[{"embeddable":true,"href":"https:\/\/arroyitoonline.com.ar\/index.php?rest_route=%2Fwp%2Fv2%2Fcomments&post=6431"}],"version-history":[{"count":5,"href":"https:\/\/arroyitoonline.com.ar\/index.php?rest_route=\/wp\/v2\/posts\/6431\/revisions"}],"predecessor-version":[{"id":6440,"href":"https:\/\/arroyitoonline.com.ar\/index.php?rest_route=\/wp\/v2\/posts\/6431\/revisions\/6440"}],"wp:featuredmedia":[{"embeddable":true,"href":"https:\/\/arroyitoonline.com.ar\/index.php?rest_route=\/wp\/v2\/media\/6432"}],"wp:attachment":[{"href":"https:\/\/arroyitoonline.com.ar\/index.php?rest_route=%2Fwp%2Fv2%2Fmedia&parent=6431"}],"wp:term":[{"taxonomy":"category","embeddable":true,"href":"https:\/\/arroyitoonline.com.ar\/index.php?rest_route=%2Fwp%2Fv2%2Fcategories&post=6431"},{"taxonomy":"post_tag","embeddable":true,"href":"https:\/\/arroyitoonline.com.ar\/index.php?rest_route=%2Fwp%2Fv2%2Ftags&post=6431"}],"curies":[{"name":"wp","href":"https:\/\/api.w.org\/{rel}","templated":true}]}}