{"id":6442,"date":"2019-11-12T18:36:14","date_gmt":"2019-11-12T18:36:14","guid":{"rendered":"https:\/\/arroyitoonline.com.ar\/?p=6442"},"modified":"2019-11-12T18:36:17","modified_gmt":"2019-11-12T18:36:17","slug":"la-escuela-especial-recordo-a-clementina-pionera-en-la-visibilizacion-de-la-discapacidad","status":"publish","type":"post","link":"https:\/\/arroyitoonline.com.ar\/?p=6442","title":{"rendered":"La Escuela Especial record\u00f3 a Clementina, pionera en la visibilizaci\u00f3n de la discapacidad"},"content":{"rendered":"\n<p><strong>Se trata de Clementina Mar\u00eda Abratte de Morresi. La mam\u00e1 de Raquelita falleci\u00f3 a los 93 a\u00f1os, el 8 de noviembre pasado.<\/strong><\/p>\n\n\n\n<p>El pasado viernes 8 de diciembre se conoci\u00f3 la triste noticia del fallecimiento de Clementina Mar\u00eda Abratte de Morresi (93), la mam\u00e1 de Raquelita, exalumna de la Escuela Especial Carolina Tobar Garc\u00eda, cuya comunidad educativa la despidi\u00f3 con afecto en sus redes sociales. <\/p>\n\n\n\n<figure><iframe loading=\"lazy\" src=\"https:\/\/www.facebook.com\/plugins\/post.php?href=https%3A%2F%2Fwww.facebook.com%2Fescuelactg%2Fposts%2F762560770821332&amp;width=500\" width=\"500\" height=\"312\"><\/iframe><\/figure>\n\n\n\n<p><em>&#8220;Hablar de Educaci\u00f3n Especial es remitirnos a Clementina y a un grupo de padres que vieron la necesidad de encontrar un lugar d\u00f3nde sus hijos recibieran Educaci\u00f3n Especial. Estos padres fueron los propulsores de\u00a0la `visibilizaci\u00f3n de la discapacidad\u00b4 porque no conformes con lo que la sociedad de esa \u00e9poca les ofrec\u00eda decidieron encontrar un lugar d\u00f3nde sus hijos pudiesen estudiar y aprender&#8221;<\/em>, remarcaron desde la entidad, sobre la labor de quien fue una de las fundadoras del grupo de madres de la escuela. <br><\/p>\n\n\n\n<p>Sobre el final del texto, las autoridades escolares le agradecieron a la mam\u00e1 de Raquel, por tantos a\u00f1os de entrega, pasi\u00f3n y trabajo desinteresados, siendo una visionaria y defensora de los derechos de las personas con discapacidad. <\/p>\n\n\n\n<p><strong>Acercar tambi\u00e9n la despidi\u00f3<\/strong><\/p>\n\n\n\n<figure><iframe loading=\"lazy\" src=\"https:\/\/www.facebook.com\/plugins\/post.php?href=https%3A%2F%2Fwww.facebook.com%2FACERCAR.ARROYITO%2Fposts%2F2937254672955361&amp;width=500\" width=\"500\" height=\"706\"><\/iframe><\/figure>\n\n\n\n<p>Por \u00faltimo, desde la Escuela Especial Carolina Tobar Garc\u00eda informaron que Raquelita est\u00e1 siendo contenida, en el duro momento que le toca afrontar, y que quedar\u00e1 a cargo de una hermana, que comenzar\u00e1 a residir en nuestra ciudad. <\/p>\n","protected":false},"excerpt":{"rendered":"<p>Se trata de Clementina Mar\u00eda Abratte de Morresi. La mam\u00e1 de Raquelita falleci\u00f3 a los 93 a\u00f1os, el 8 de&hellip;<\/p>\n","protected":false},"author":3,"featured_media":6443,"comment_status":"closed","ping_status":"open","sticky":false,"template":"","format":"standard","meta":{"footnotes":""},"categories":[900],"tags":[25,66,67,836,296,1052,548,572],"class_list":["post-6442","post","type-post","status-publish","format-standard","has-post-thumbnail","hentry","category-noticias","tag-acercar","tag-arroyito","tag-arroyito-cordoba","tag-arroyito-online","tag-discapacidad","tag-escuela-especial-carolina-tobar-garcia","tag-muerte","tag-noticias-de-arroyito-y-zona"],"_links":{"self":[{"href":"https:\/\/arroyitoonline.com.ar\/index.php?rest_route=\/wp\/v2\/posts\/6442","targetHints":{"allow":["GET"]}}],"collection":[{"href":"https:\/\/arroyitoonline.com.ar\/index.php?rest_route=\/wp\/v2\/posts"}],"about":[{"href":"https:\/\/arroyitoonline.com.ar\/index.php?rest_route=\/wp\/v2\/types\/post"}],"author":[{"embeddable":true,"href":"https:\/\/arroyitoonline.com.ar\/index.php?rest_route=\/wp\/v2\/users\/3"}],"replies":[{"embeddable":true,"href":"https:\/\/arroyitoonline.com.ar\/index.php?rest_route=%2Fwp%2Fv2%2Fcomments&post=6442"}],"version-history":[{"count":1,"href":"https:\/\/arroyitoonline.com.ar\/index.php?rest_route=\/wp\/v2\/posts\/6442\/revisions"}],"predecessor-version":[{"id":6444,"href":"https:\/\/arroyitoonline.com.ar\/index.php?rest_route=\/wp\/v2\/posts\/6442\/revisions\/6444"}],"wp:featuredmedia":[{"embeddable":true,"href":"https:\/\/arroyitoonline.com.ar\/index.php?rest_route=\/wp\/v2\/media\/6443"}],"wp:attachment":[{"href":"https:\/\/arroyitoonline.com.ar\/index.php?rest_route=%2Fwp%2Fv2%2Fmedia&parent=6442"}],"wp:term":[{"taxonomy":"category","embeddable":true,"href":"https:\/\/arroyitoonline.com.ar\/index.php?rest_route=%2Fwp%2Fv2%2Fcategories&post=6442"},{"taxonomy":"post_tag","embeddable":true,"href":"https:\/\/arroyitoonline.com.ar\/index.php?rest_route=%2Fwp%2Fv2%2Ftags&post=6442"}],"curies":[{"name":"wp","href":"https:\/\/api.w.org\/{rel}","templated":true}]}}