{"id":6446,"date":"2019-11-13T03:17:21","date_gmt":"2019-11-13T03:17:21","guid":{"rendered":"https:\/\/arroyitoonline.com.ar\/?p=6446"},"modified":"2019-11-13T03:17:24","modified_gmt":"2019-11-13T03:17:24","slug":"un-incendio-consumio-cosechadora-casilla-rodante-y-galpon","status":"publish","type":"post","link":"https:\/\/arroyitoonline.com.ar\/?p=6446","title":{"rendered":"Un incendio consumi\u00f3 cosechadora, casilla rodante y galp\u00f3n"},"content":{"rendered":"\n<p><strong>El\u00a0siniestro\u00a0fue\u00a0extinguido\u00a0por\u00a0Bomberos,\u00a0pero\u00a0los\u00a0da\u00f1os\u00a0materiales\u00a0fueron\u00a0casi\u00a0totales.<\/strong><\/p>\n\n\n\n<p>Esta ma\u00f1ana, pasadas las 5:00 horas, se origin\u00f3 un incendio en el campo ubicado sobre la intersecci\u00f3n de las avenidas Manuel Serra y Gregorio Careto.<\/p>\n\n\n\n<p>En el lugar se hizo presente el m\u00f3vil de la Polic\u00eda, con\nun efectivo, el cual constat\u00f3 el siniestro bajo un tinglado de construcci\u00f3n\nmet\u00e1lica con chapa de zinc, donde se encontraba estacionada una cosechadora\nmarca Agco Allis, modelo \u00d3ptima 550, de color verde. Bajo la misma edificaci\u00f3n\nhab\u00eda una casilla rodante y un tanque cisterna de cerca de 2.000 litros. <\/p>\n\n\n\n<figure class=\"wp-block-embed-facebook wp-block-embed is-type-video is-provider-facebook\"><div class=\"wp-block-embed__wrapper\">\nhttps:\/\/www.facebook.com\/bomberosarroyito\/videos\/435697507144891\/\n<\/div><\/figure>\n\n\n\n<p>Al sector tambi\u00e9n llegaron los m\u00f3viles 11, 24 y 25 de Bomberos Voluntarios, a cargo del Sargento 1\u00b0 BV Iv\u00e1n Pizzi y, luego el operativo qued\u00f3 a cargo del Sargento Ayudante BV Carlos Carnevale.<\/p>\n\n\n\n<p>A su arribo, el incendio era generalizado, ya que no hab\u00eda sido anoticiado por nadie de manera previa, a ra\u00edz del horario y de la ubicaci\u00f3n del predio. Los bomberos lo extinguieron lament\u00e1ndose da\u00f1os totales en la maquinaria y la estructura.<\/p>\n\n\n\n<p>Fuentes: informes de Bomberos y Polic\u00eda de Arroyito. <\/p>\n","protected":false},"excerpt":{"rendered":"<p>El\u00a0siniestro\u00a0fue\u00a0extinguido\u00a0por\u00a0Bomberos,\u00a0pero\u00a0los\u00a0da\u00f1os\u00a0materiales\u00a0fueron\u00a0casi\u00a0totales. Esta ma\u00f1ana, pasadas las 5:00 horas, se origin\u00f3 un incendio en el campo ubicado sobre la intersecci\u00f3n de las&hellip;<\/p>\n","protected":false},"author":3,"featured_media":6448,"comment_status":"closed","ping_status":"open","sticky":false,"template":"","format":"standard","meta":{"footnotes":""},"categories":[824],"tags":[66,67,836,127,128,435,572],"class_list":["post-6446","post","type-post","status-publish","format-standard","has-post-thumbnail","hentry","category-policiales-online","tag-arroyito","tag-arroyito-cordoba","tag-arroyito-online","tag-bomberos-arroyito","tag-bomberos-de-arroyito","tag-incendio","tag-noticias-de-arroyito-y-zona"],"_links":{"self":[{"href":"https:\/\/arroyitoonline.com.ar\/index.php?rest_route=\/wp\/v2\/posts\/6446","targetHints":{"allow":["GET"]}}],"collection":[{"href":"https:\/\/arroyitoonline.com.ar\/index.php?rest_route=\/wp\/v2\/posts"}],"about":[{"href":"https:\/\/arroyitoonline.com.ar\/index.php?rest_route=\/wp\/v2\/types\/post"}],"author":[{"embeddable":true,"href":"https:\/\/arroyitoonline.com.ar\/index.php?rest_route=\/wp\/v2\/users\/3"}],"replies":[{"embeddable":true,"href":"https:\/\/arroyitoonline.com.ar\/index.php?rest_route=%2Fwp%2Fv2%2Fcomments&post=6446"}],"version-history":[{"count":1,"href":"https:\/\/arroyitoonline.com.ar\/index.php?rest_route=\/wp\/v2\/posts\/6446\/revisions"}],"predecessor-version":[{"id":6449,"href":"https:\/\/arroyitoonline.com.ar\/index.php?rest_route=\/wp\/v2\/posts\/6446\/revisions\/6449"}],"wp:featuredmedia":[{"embeddable":true,"href":"https:\/\/arroyitoonline.com.ar\/index.php?rest_route=\/wp\/v2\/media\/6448"}],"wp:attachment":[{"href":"https:\/\/arroyitoonline.com.ar\/index.php?rest_route=%2Fwp%2Fv2%2Fmedia&parent=6446"}],"wp:term":[{"taxonomy":"category","embeddable":true,"href":"https:\/\/arroyitoonline.com.ar\/index.php?rest_route=%2Fwp%2Fv2%2Fcategories&post=6446"},{"taxonomy":"post_tag","embeddable":true,"href":"https:\/\/arroyitoonline.com.ar\/index.php?rest_route=%2Fwp%2Fv2%2Ftags&post=6446"}],"curies":[{"name":"wp","href":"https:\/\/api.w.org\/{rel}","templated":true}]}}