{"id":6450,"date":"2019-11-13T12:28:23","date_gmt":"2019-11-13T12:28:23","guid":{"rendered":"https:\/\/arroyitoonline.com.ar\/?p=6450"},"modified":"2019-11-13T12:30:44","modified_gmt":"2019-11-13T12:30:44","slug":"ruta-19-chocaron-de-frente-un-focus-y-un-camion","status":"publish","type":"post","link":"https:\/\/arroyitoonline.com.ar\/?p=6450","title":{"rendered":"Ruta 19: chocaron de frente un Focus y un cami\u00f3n"},"content":{"rendered":"\n<p><strong>A pesar del estado en el que qued\u00f3 el auto, sus ocupantes salieron por sus propios medios y se encuentran internados en el hospital local. <\/strong><\/p>\n\n\n\n<p>Esta ma\u00f1ana, pasadas las 5:00 horas, se produjo un accidente de tr\u00e1nsito sobre la Ruta Nacional N\u00ba 19, a un kil\u00f3metro de Transporte Benedette, hacia el lado este (El T\u00edo), donde impactaron un cami\u00f3n y un auto.<\/p>\n\n\n\n<p>De manera inmediata se comisionaron dos m\u00f3viles de la Polic\u00eda local, en el kil\u00f3metro 213 de la ruta 19. All\u00ed constataron que un Ford Focus color blanco conducido por un hombre (33) acompa\u00f1ado por otro (39), ambos de San Francisco, andaba en sentido de oeste a este y, por razones que tratan de establecerse, perdi\u00f3 el control del veh\u00edculo realizando trompos, yendo a parar en la mano contraria.<\/p>\n\n\n\n<p>El veh\u00edculo qued\u00f3 con el frente sobre la calzada y fue colisionado de frente por un cami\u00f3n Scania color blanco. El ch\u00f3fer del transporte de carga tiene 46 a\u00f1os, es oriundo de El T\u00edo, y conduc\u00eda con direcci\u00f3n de este a oeste. <\/p>\n\n\n\n<p>A ra\u00edz de la colisi\u00f3n es que los ocupantes del veh\u00edculo de menor porte resultaron lesionados, siendo trasladados por el Servicio de Emergencias al Hospital Municipal de Arroyito, donde fueron asistidos y se les practicaron estudios constatando las lesiones. <\/p>\n\n\n\n<p>En el lugar trabaj\u00f3 personal de la Comisar\u00eda en colaboraci\u00f3n con efectivos de El T\u00edo, Polic\u00eda Caminera y dos dotaciones de Bomberos Voluntarios de Arroyito (en los m\u00f3viles 22 y 25).<\/p>\n\n\n\n<figure><iframe loading=\"lazy\" src=\"https:\/\/www.facebook.com\/plugins\/post.php?href=https%3A%2F%2Fwww.facebook.com%2Fbomberosarroyito%2Fposts%2F2516918841737274&amp;width=500\" width=\"500\" height=\"814\"><\/iframe><\/figure>\n\n\n\n<p>Se iniciaron las correspondientes actuaciones sumariales con conocimiento y participaci\u00f3n de la Fiscal\u00eda de Instrucci\u00f3n local, que imparti\u00f3 las directivas a seguir.<\/p>\n\n\n\n<p><strong>C\u00f3mo est\u00e1n los heridos<\/strong><\/p>\n\n\n\n<p>M\u00e1s tarde, desde el nosocomio local, informaron que el conductor del Focus presenta fractura de clav\u00edcula izquierda y traumatismo de cr\u00e1neo encef\u00e1lico (lesiones graves) y su acompa\u00f1ante fue diagnosticado con escoriaciones, quemadura de segundo grado y corte en antebrazo derecho (lesiones leves).<\/p>\n\n\n\n<p>Fuentes: informes de la Polic\u00eda y Bomberos de Arroyito.<\/p>\n","protected":false},"excerpt":{"rendered":"<p>A pesar del estado en el que qued\u00f3 el auto, sus ocupantes salieron por sus propios medios y se encuentran&hellip;<\/p>\n","protected":false},"author":3,"featured_media":6451,"comment_status":"closed","ping_status":"open","sticky":false,"template":"","format":"standard","meta":{"footnotes":""},"categories":[824],"tags":[66,67,836,127,128,129,191,572,636,637,638,825,698,701],"class_list":["post-6450","post","type-post","status-publish","format-standard","has-post-thumbnail","hentry","category-policiales-online","tag-arroyito","tag-arroyito-cordoba","tag-arroyito-online","tag-bomberos-arroyito","tag-bomberos-de-arroyito","tag-bomberos-voluntarios","tag-choque","tag-noticias-de-arroyito-y-zona","tag-policia-caminera","tag-policiales","tag-policiales-arroyito","tag-policiales-online","tag-ruta-19","tag-ruta-nacional-n-19"],"_links":{"self":[{"href":"https:\/\/arroyitoonline.com.ar\/index.php?rest_route=\/wp\/v2\/posts\/6450","targetHints":{"allow":["GET"]}}],"collection":[{"href":"https:\/\/arroyitoonline.com.ar\/index.php?rest_route=\/wp\/v2\/posts"}],"about":[{"href":"https:\/\/arroyitoonline.com.ar\/index.php?rest_route=\/wp\/v2\/types\/post"}],"author":[{"embeddable":true,"href":"https:\/\/arroyitoonline.com.ar\/index.php?rest_route=\/wp\/v2\/users\/3"}],"replies":[{"embeddable":true,"href":"https:\/\/arroyitoonline.com.ar\/index.php?rest_route=%2Fwp%2Fv2%2Fcomments&post=6450"}],"version-history":[{"count":2,"href":"https:\/\/arroyitoonline.com.ar\/index.php?rest_route=\/wp\/v2\/posts\/6450\/revisions"}],"predecessor-version":[{"id":6453,"href":"https:\/\/arroyitoonline.com.ar\/index.php?rest_route=\/wp\/v2\/posts\/6450\/revisions\/6453"}],"wp:featuredmedia":[{"embeddable":true,"href":"https:\/\/arroyitoonline.com.ar\/index.php?rest_route=\/wp\/v2\/media\/6451"}],"wp:attachment":[{"href":"https:\/\/arroyitoonline.com.ar\/index.php?rest_route=%2Fwp%2Fv2%2Fmedia&parent=6450"}],"wp:term":[{"taxonomy":"category","embeddable":true,"href":"https:\/\/arroyitoonline.com.ar\/index.php?rest_route=%2Fwp%2Fv2%2Fcategories&post=6450"},{"taxonomy":"post_tag","embeddable":true,"href":"https:\/\/arroyitoonline.com.ar\/index.php?rest_route=%2Fwp%2Fv2%2Ftags&post=6450"}],"curies":[{"name":"wp","href":"https:\/\/api.w.org\/{rel}","templated":true}]}}