{"id":6464,"date":"2019-11-14T01:05:13","date_gmt":"2019-11-14T01:05:13","guid":{"rendered":"https:\/\/arroyitoonline.com.ar\/?p=6464"},"modified":"2019-11-14T01:05:16","modified_gmt":"2019-11-14T01:05:16","slug":"el-gobernador-juan-schiaretti-recibio-al-intendente-electo-gustavo-benedetti","status":"publish","type":"post","link":"https:\/\/arroyitoonline.com.ar\/?p=6464","title":{"rendered":"El gobernador Juan Schiaretti recibi\u00f3 al intendente electo Gustavo Benedetti"},"content":{"rendered":"\n<p><strong>Dialogaron sobre los trabajos y desaf\u00edos conjuntos que tendr\u00e1n Municipio y Provincia en los pr\u00f3ximos cuatro a\u00f1os, para seguir construyendo y cuidando a los vecinos de la localidad. <\/strong><\/p>\n\n\n\n<p>El gobernador Juan Schiaretti se reuni\u00f3 este mi\u00e9rcoles con el intendente electo de nuestra ciudad, Gustavo Benedetti, quien se impuso el domingo en las elecciones municipales encabezando la coalici\u00f3n Juntos por Arroyito.<\/p>\n\n\n\n<p>El encuentro, de car\u00e1cter institucional, se concret\u00f3 en el Centro C\u00edvico y cont\u00f3 con la presencia del ministro de Gobierno, Juan Carlos Massei, y el secretario de Comunicaciones y Conectividad, Manuel Calvo, quien adem\u00e1s es vicegobernador electo.<\/p>\n\n\n\n<p>En la reuni\u00f3n dialogaron sobre los trabajos y desaf\u00edos conjuntos que afrontar\u00e1n el Municipio y la Provincia en los pr\u00f3ximos cuatro a\u00f1os, con el fin de seguir construyendo y cuidando a los vecinos de Arroyito.<\/p>\n\n\n\n<p>Fuente: Prensa Gobierno de C\u00f3rdoba.<\/p>\n","protected":false},"excerpt":{"rendered":"<p>Dialogaron sobre los trabajos y desaf\u00edos conjuntos que tendr\u00e1n Municipio y Provincia en los pr\u00f3ximos cuatro a\u00f1os, para seguir construyendo&hellip;<\/p>\n","protected":false},"author":3,"featured_media":6465,"comment_status":"closed","ping_status":"open","sticky":false,"template":"","format":"standard","meta":{"footnotes":""},"categories":[8],"tags":[66,67,836,404,405,968,556,572,717,842],"class_list":["post-6464","post","type-post","status-publish","format-standard","has-post-thumbnail","hentry","category-politica","tag-arroyito","tag-arroyito-cordoba","tag-arroyito-online","tag-gobierno-de-cordoba","tag-gobierno-de-la-provincia","tag-gustavo-benedetti","tag-municipalidad-de-arroyito","tag-noticias-de-arroyito-y-zona","tag-schiaretti","tag-vicegobernador"],"_links":{"self":[{"href":"https:\/\/arroyitoonline.com.ar\/index.php?rest_route=\/wp\/v2\/posts\/6464","targetHints":{"allow":["GET"]}}],"collection":[{"href":"https:\/\/arroyitoonline.com.ar\/index.php?rest_route=\/wp\/v2\/posts"}],"about":[{"href":"https:\/\/arroyitoonline.com.ar\/index.php?rest_route=\/wp\/v2\/types\/post"}],"author":[{"embeddable":true,"href":"https:\/\/arroyitoonline.com.ar\/index.php?rest_route=\/wp\/v2\/users\/3"}],"replies":[{"embeddable":true,"href":"https:\/\/arroyitoonline.com.ar\/index.php?rest_route=%2Fwp%2Fv2%2Fcomments&post=6464"}],"version-history":[{"count":1,"href":"https:\/\/arroyitoonline.com.ar\/index.php?rest_route=\/wp\/v2\/posts\/6464\/revisions"}],"predecessor-version":[{"id":6466,"href":"https:\/\/arroyitoonline.com.ar\/index.php?rest_route=\/wp\/v2\/posts\/6464\/revisions\/6466"}],"wp:featuredmedia":[{"embeddable":true,"href":"https:\/\/arroyitoonline.com.ar\/index.php?rest_route=\/wp\/v2\/media\/6465"}],"wp:attachment":[{"href":"https:\/\/arroyitoonline.com.ar\/index.php?rest_route=%2Fwp%2Fv2%2Fmedia&parent=6464"}],"wp:term":[{"taxonomy":"category","embeddable":true,"href":"https:\/\/arroyitoonline.com.ar\/index.php?rest_route=%2Fwp%2Fv2%2Fcategories&post=6464"},{"taxonomy":"post_tag","embeddable":true,"href":"https:\/\/arroyitoonline.com.ar\/index.php?rest_route=%2Fwp%2Fv2%2Ftags&post=6464"}],"curies":[{"name":"wp","href":"https:\/\/api.w.org\/{rel}","templated":true}]}}