{"id":6480,"date":"2019-11-15T14:26:58","date_gmt":"2019-11-15T14:26:58","guid":{"rendered":"https:\/\/arroyitoonline.com.ar\/?p=6480"},"modified":"2019-11-15T14:27:00","modified_gmt":"2019-11-15T14:27:00","slug":"1ra-fiesta-dulce-nacional-amato-dona-jovita-cacho-buenaventura-y-destino-san-javier-gratis","status":"publish","type":"post","link":"https:\/\/arroyitoonline.com.ar\/?p=6480","title":{"rendered":"1ra. Fiesta Dulce Nacional: Amato, Do\u00f1a Jovita, Cacho Buenaventura y Destino San Javier, gratis"},"content":{"rendered":"\n<p><strong>La Municipalidad confirm\u00f3 todo lo que Arroyito Online cont\u00f3 en primicia. A los shows en vivo se suman las Comidas del Mundo y la elecci\u00f3n de la primera reina nacional.<\/strong><\/p>\n\n\n\n<p>Los pr\u00f3ximos viernes\u00a022, s\u00e1bado 23 y domingo 24 de noviembre se desarrollar\u00e1 la sexta edici\u00f3n de la Fiesta de Arroyito, la Dulce Ciudad del Pa\u00eds, en este caso, en su primera versi\u00f3n de car\u00e1cter Nacional. De este modo, se confirma toda la informaci\u00f3n proporcionada, a modo de primicia, por <strong>Arroyito Online<\/strong>, en las \u00faltimas semanas. <\/p>\n\n\n\n<p>Como es habitual, la sede del evento ser\u00e1 la C\u00fapula del Polideportivo Enrique Brizio, del Club Deportivo y Cultural Arroyito. Adem\u00e1s, esta vez la entrada para todos los shows y jornadas ser\u00e1 libre y gratuita. <\/p>\n\n\n\n<p>He aqu\u00ed el cronograma completo de este fiest\u00f3n:<\/p>\n\n\n\n<div class=\"wp-block-image\"><figure class=\"aligncenter\"><img loading=\"lazy\" decoding=\"async\" width=\"1024\" height=\"1024\" src=\"https:\/\/arroyitoonline.com.ar\/wp-content\/uploads\/2019\/11\/fiesta-dulce-1024x1024.jpg\" alt=\"\" class=\"wp-image-6481\" srcset=\"https:\/\/arroyitoonline.com.ar\/wp-content\/uploads\/2019\/11\/fiesta-dulce-1024x1024.jpg 1024w, https:\/\/arroyitoonline.com.ar\/wp-content\/uploads\/2019\/11\/fiesta-dulce-150x150.jpg 150w, https:\/\/arroyitoonline.com.ar\/wp-content\/uploads\/2019\/11\/fiesta-dulce-300x300.jpg 300w, https:\/\/arroyitoonline.com.ar\/wp-content\/uploads\/2019\/11\/fiesta-dulce-768x767.jpg 768w, https:\/\/arroyitoonline.com.ar\/wp-content\/uploads\/2019\/11\/fiesta-dulce.jpg 1280w\" sizes=\"auto, (max-width: 1024px) 100vw, 1024px\" \/><figcaption><em>La primera Fiesta Nacional de Arroyito, la Dulce Ciudad del Pa\u00eds, con espect\u00e1culos gratuitos<\/em><\/figcaption><\/figure><\/div>\n\n\n\n<p><strong>Viernes 22 de noviembre:<\/strong><\/p>\n\n\n\n<p>20.00 horas \u2013 Acto de Apertura.<\/p>\n\n\n\n<p>Actuaciones del Ballet y Escuela Municipal de Danzas Folcl\u00f3ricas y Tango, participaci\u00f3n de academias y gimnasios de la ciudad y el cierre con el bailazo de <strong>Cristian \u201cEl Loco\u201d Amato<\/strong>.<\/p>\n\n\n\n<p>Los tres d\u00edas se desarrollar\u00e1 el evento gastron\u00f3mico \u201cComidas del Mundo\u201d, con m\u00e1s de 10 stands que representar\u00e1n a distintos pa\u00edses del mundo: M\u00e9xico, Italia, Argentina, Estados Unidos, Uruguay, Chile, Portugal, Brasil, Irak y Per\u00fa.<\/p>\n\n\n\n<p><strong>S\u00e1bado 23 de noviembre:<\/strong><\/p>\n\n\n\n<p>Comienzo a las 20:00 horas: se realizar\u00e1n reconocimientos por el 241\u00b0 Aniversario del D\u00eda del Origen de Arroyito.<\/p>\n\n\n\n<p>A continuaci\u00f3n desfile, elecci\u00f3n y coronaci\u00f3n de la primera Reina Nacional de la Dulce Ciudad del Pa\u00eds. <\/p>\n\n\n\n<p>Ser\u00e1 la gran noche del Humor, con las presencias de Do\u00f1a Jovita y Cacho Buenaventura y la actuaci\u00f3n de int\u00e9rpretes locales. <\/p>\n\n\n\n<p><strong>Domingo 24 de noviembre:<\/strong><\/p>\n\n\n\n<p>A partir de las 18:30 horas inicio con las Comidas del Mundo y la participaci\u00f3n de academias y gimnasio de la ciudad y el cierre con el espectacular show de Destino San Javier.<\/p>\n\n\n\n<p>Fuente: Prensa Municipal. <\/p>\n","protected":false},"excerpt":{"rendered":"<p>La Municipalidad confirm\u00f3 todo lo que Arroyito Online cont\u00f3 en primicia. A los shows en vivo se suman las Comidas&hellip;<\/p>\n","protected":false},"author":3,"featured_media":6482,"comment_status":"closed","ping_status":"open","sticky":false,"template":"","format":"standard","meta":{"footnotes":""},"categories":[2],"tags":[66,67,836,372,373,1040,382,555,556,559,572],"class_list":["post-6480","post","type-post","status-publish","format-standard","has-post-thumbnail","hentry","category-cultura-y-espectaculos","tag-arroyito","tag-arroyito-cordoba","tag-arroyito-online","tag-fiesta","tag-fiesta-de-la-dulce-ciudad","tag-fiesta-nacional-de-la-dulce-ciudad-del-pais","tag-folclore","tag-municipalidad","tag-municipalidad-de-arroyito","tag-musica","tag-noticias-de-arroyito-y-zona"],"_links":{"self":[{"href":"https:\/\/arroyitoonline.com.ar\/index.php?rest_route=\/wp\/v2\/posts\/6480","targetHints":{"allow":["GET"]}}],"collection":[{"href":"https:\/\/arroyitoonline.com.ar\/index.php?rest_route=\/wp\/v2\/posts"}],"about":[{"href":"https:\/\/arroyitoonline.com.ar\/index.php?rest_route=\/wp\/v2\/types\/post"}],"author":[{"embeddable":true,"href":"https:\/\/arroyitoonline.com.ar\/index.php?rest_route=\/wp\/v2\/users\/3"}],"replies":[{"embeddable":true,"href":"https:\/\/arroyitoonline.com.ar\/index.php?rest_route=%2Fwp%2Fv2%2Fcomments&post=6480"}],"version-history":[{"count":1,"href":"https:\/\/arroyitoonline.com.ar\/index.php?rest_route=\/wp\/v2\/posts\/6480\/revisions"}],"predecessor-version":[{"id":6483,"href":"https:\/\/arroyitoonline.com.ar\/index.php?rest_route=\/wp\/v2\/posts\/6480\/revisions\/6483"}],"wp:featuredmedia":[{"embeddable":true,"href":"https:\/\/arroyitoonline.com.ar\/index.php?rest_route=\/wp\/v2\/media\/6482"}],"wp:attachment":[{"href":"https:\/\/arroyitoonline.com.ar\/index.php?rest_route=%2Fwp%2Fv2%2Fmedia&parent=6480"}],"wp:term":[{"taxonomy":"category","embeddable":true,"href":"https:\/\/arroyitoonline.com.ar\/index.php?rest_route=%2Fwp%2Fv2%2Fcategories&post=6480"},{"taxonomy":"post_tag","embeddable":true,"href":"https:\/\/arroyitoonline.com.ar\/index.php?rest_route=%2Fwp%2Fv2%2Ftags&post=6480"}],"curies":[{"name":"wp","href":"https:\/\/api.w.org\/{rel}","templated":true}]}}