{"id":6505,"date":"2019-11-18T18:54:02","date_gmt":"2019-11-18T18:54:02","guid":{"rendered":"https:\/\/arroyitoonline.com.ar\/?p=6505"},"modified":"2019-11-18T18:54:05","modified_gmt":"2019-11-18T18:54:05","slug":"dos-jovenes-lesionados-tras-perder-el-control-del-cuadriciclo-en-el-que-andaban","status":"publish","type":"post","link":"https:\/\/arroyitoonline.com.ar\/?p=6505","title":{"rendered":"Dos j\u00f3venes lesionados tras perder el control del cuadriciclo en el que andaban"},"content":{"rendered":"\n<p><strong>El siniestro ocurri\u00f3 frente a los ba\u00f1os del Balneario Municipal. Tanto el conductor, como la acompa\u00f1ante, presentan heridas leves. <\/strong><\/p>\n\n\n\n<p>Esta madrugada, a las 2:50 horas, la Polic\u00eda recibi\u00f3 un llamado al 101, dando aviso de un accidente en la zona de la Costanera, sobre Av. Per\u00f3n al 1.700 (frente a los ba\u00f1os del Balneario Municipal).<\/p>\n\n\n\n<p>All\u00ed, testigos informaron que dos j\u00f3venes habr\u00edan perdido el control en un cuadriciclo, aunque al arribo del m\u00f3vil policial, el veh\u00edculo ya no estaba en el lugar.<\/p>\n\n\n\n<p>A continuaci\u00f3n, personal del Hospital Municipal traslad\u00f3 al nosocomio a los dos ocupantes del rodado, el conductor, un joven de 25 a\u00f1os, y la acompa\u00f1ante de 20, presentando ambos, lesiones leves. <\/p>\n\n\n\n<p>Se iniciaron las correspondientes actuaciones sumariales con conocimiento de la Fiscal\u00eda de Arroyito.<\/p>\n\n\n\n<p>Fuente: informe de la oficial Principal Jesica Paz, a cargo Base Operativa Sector Sur Suboficial Principal Gustavo Carlos D\u00edaz. <\/p>\n","protected":false},"excerpt":{"rendered":"<p>El siniestro ocurri\u00f3 frente a los ba\u00f1os del Balneario Municipal. Tanto el conductor, como la acompa\u00f1ante, presentan heridas leves. Esta&hellip;<\/p>\n","protected":false},"author":3,"featured_media":3993,"comment_status":"closed","ping_status":"open","sticky":false,"template":"","format":"standard","meta":{"footnotes":""},"categories":[824],"tags":[66,67,836,95,635,637,638,825,690],"class_list":["post-6505","post","type-post","status-publish","format-standard","has-post-thumbnail","hentry","category-policiales-online","tag-arroyito","tag-arroyito-cordoba","tag-arroyito-online","tag-balneario","tag-policia","tag-policiales","tag-policiales-arroyito","tag-policiales-online","tag-rio-xanaes"],"_links":{"self":[{"href":"https:\/\/arroyitoonline.com.ar\/index.php?rest_route=\/wp\/v2\/posts\/6505","targetHints":{"allow":["GET"]}}],"collection":[{"href":"https:\/\/arroyitoonline.com.ar\/index.php?rest_route=\/wp\/v2\/posts"}],"about":[{"href":"https:\/\/arroyitoonline.com.ar\/index.php?rest_route=\/wp\/v2\/types\/post"}],"author":[{"embeddable":true,"href":"https:\/\/arroyitoonline.com.ar\/index.php?rest_route=\/wp\/v2\/users\/3"}],"replies":[{"embeddable":true,"href":"https:\/\/arroyitoonline.com.ar\/index.php?rest_route=%2Fwp%2Fv2%2Fcomments&post=6505"}],"version-history":[{"count":1,"href":"https:\/\/arroyitoonline.com.ar\/index.php?rest_route=\/wp\/v2\/posts\/6505\/revisions"}],"predecessor-version":[{"id":6506,"href":"https:\/\/arroyitoonline.com.ar\/index.php?rest_route=\/wp\/v2\/posts\/6505\/revisions\/6506"}],"wp:featuredmedia":[{"embeddable":true,"href":"https:\/\/arroyitoonline.com.ar\/index.php?rest_route=\/wp\/v2\/media\/3993"}],"wp:attachment":[{"href":"https:\/\/arroyitoonline.com.ar\/index.php?rest_route=%2Fwp%2Fv2%2Fmedia&parent=6505"}],"wp:term":[{"taxonomy":"category","embeddable":true,"href":"https:\/\/arroyitoonline.com.ar\/index.php?rest_route=%2Fwp%2Fv2%2Fcategories&post=6505"},{"taxonomy":"post_tag","embeddable":true,"href":"https:\/\/arroyitoonline.com.ar\/index.php?rest_route=%2Fwp%2Fv2%2Ftags&post=6505"}],"curies":[{"name":"wp","href":"https:\/\/api.w.org\/{rel}","templated":true}]}}