{"id":6508,"date":"2019-11-19T12:00:52","date_gmt":"2019-11-19T12:00:52","guid":{"rendered":"https:\/\/arroyitoonline.com.ar\/?p=6508"},"modified":"2019-11-19T12:01:03","modified_gmt":"2019-11-19T12:01:03","slug":"la-anses-atendera-este-jueves-en-el-punto-digital-3","status":"publish","type":"post","link":"https:\/\/arroyitoonline.com.ar\/?p=6508","title":{"rendered":"La Anses atender\u00e1 este jueves, en el Punto Digital"},"content":{"rendered":"\n<p><strong>Ser\u00e1 desde las 8:00 horas y solo se entregar\u00e1n 50 turnos, por orden de llegada.<\/strong><\/p>\n\n\n\n<p>Este jueves 21 de noviembre, la Administraci\u00f3n Nacional de la Seguridad Social (Anses) estar\u00e1 en nuestra ciudad. La atenci\u00f3n se realizar\u00e1 en el Punto Digital de la Casa de la Cultura, desde las 8:00 horas, y solo se entregar\u00e1n 50 n\u00fameros por orden de llegada.<\/p>\n\n\n\n<p>Los tr\u00e1mites que se receptar\u00e1n son: carga de libretas, nacimiento, Acreditaci\u00f3n de datos personales y familiares (ADP), habilitaci\u00f3n de claves de seguridad social y asesoramiento en general.<\/p>\n\n\n\n<p>Por otra parte, los n\u00fameros ser\u00e1n otorgados por personal municipal el mismo d\u00eda, minutos antes de que se comience con la atenci\u00f3n.<\/p>\n\n\n\n<p>Por \u00faltimo, desde la Anses informaron que estos Puntos de Contacto son, de manera exclusiva, para la atenci\u00f3n de personas de bajos recursos o imposibilitadas de trasladarse a la ciudad de San Francisco.<\/p>\n\n\n\n<p>Fuente: Prensa Municipal.<\/p>\n\n\n\n<p>Imagen de archivo, solo a modo ilustrativo.<\/p>\n","protected":false},"excerpt":{"rendered":"<p>Ser\u00e1 desde las 8:00 horas y solo se entregar\u00e1n 50 turnos, por orden de llegada. Este jueves 21 de noviembre,&hellip;<\/p>\n","protected":false},"author":3,"featured_media":3315,"comment_status":"closed","ping_status":"open","sticky":false,"template":"","format":"standard","meta":{"footnotes":""},"categories":[829],"tags":[54,66,67,836,868,556,572,876],"class_list":["post-6508","post","type-post","status-publish","format-standard","has-post-thumbnail","hentry","category-municipales-online","tag-anses","tag-arroyito","tag-arroyito-cordoba","tag-arroyito-online","tag-municipales-online","tag-municipalidad-de-arroyito","tag-noticias-de-arroyito-y-zona","tag-punto-digital"],"_links":{"self":[{"href":"https:\/\/arroyitoonline.com.ar\/index.php?rest_route=\/wp\/v2\/posts\/6508","targetHints":{"allow":["GET"]}}],"collection":[{"href":"https:\/\/arroyitoonline.com.ar\/index.php?rest_route=\/wp\/v2\/posts"}],"about":[{"href":"https:\/\/arroyitoonline.com.ar\/index.php?rest_route=\/wp\/v2\/types\/post"}],"author":[{"embeddable":true,"href":"https:\/\/arroyitoonline.com.ar\/index.php?rest_route=\/wp\/v2\/users\/3"}],"replies":[{"embeddable":true,"href":"https:\/\/arroyitoonline.com.ar\/index.php?rest_route=%2Fwp%2Fv2%2Fcomments&post=6508"}],"version-history":[{"count":1,"href":"https:\/\/arroyitoonline.com.ar\/index.php?rest_route=\/wp\/v2\/posts\/6508\/revisions"}],"predecessor-version":[{"id":6509,"href":"https:\/\/arroyitoonline.com.ar\/index.php?rest_route=\/wp\/v2\/posts\/6508\/revisions\/6509"}],"wp:featuredmedia":[{"embeddable":true,"href":"https:\/\/arroyitoonline.com.ar\/index.php?rest_route=\/wp\/v2\/media\/3315"}],"wp:attachment":[{"href":"https:\/\/arroyitoonline.com.ar\/index.php?rest_route=%2Fwp%2Fv2%2Fmedia&parent=6508"}],"wp:term":[{"taxonomy":"category","embeddable":true,"href":"https:\/\/arroyitoonline.com.ar\/index.php?rest_route=%2Fwp%2Fv2%2Fcategories&post=6508"},{"taxonomy":"post_tag","embeddable":true,"href":"https:\/\/arroyitoonline.com.ar\/index.php?rest_route=%2Fwp%2Fv2%2Ftags&post=6508"}],"curies":[{"name":"wp","href":"https:\/\/api.w.org\/{rel}","templated":true}]}}