{"id":6510,"date":"2019-11-19T12:53:03","date_gmt":"2019-11-19T12:53:03","guid":{"rendered":"https:\/\/arroyitoonline.com.ar\/?p=6510"},"modified":"2019-11-19T13:30:06","modified_gmt":"2019-11-19T13:30:06","slug":"un-hombre-fue-detenido-cuando-golpeaba-a-su-mujer","status":"publish","type":"post","link":"https:\/\/arroyitoonline.com.ar\/?p=6510","title":{"rendered":"Un hombre fue detenido cuando golpeaba a su mujer"},"content":{"rendered":"\n<p><strong>El sujeto de 33 a\u00f1os, que fue reducido por la Polic\u00eda, qued\u00f3 alojado en la Comisar\u00eda a disposici\u00f3n de la Fiscal\u00eda. <\/strong><\/p>\n\n\n\n<p style=\"text-align:left\">La madrugada del domingo, a las 4:55 horas, la Polic\u00eda recibi\u00f3 un llamado al 101, solicitando el m\u00f3vil policial por un problema de pareja.<\/p>\n\n\n\n<p>A continuaci\u00f3n, personal policial se acerc\u00f3 al lugar y escuch\u00f3 voces de auxilio provenientes de una de las habitaciones.<\/p>\n\n\n\n<p>Cuando ingres\u00f3 visualiz\u00f3 que el hombre estaba tomando a golpes a la mujer, por lo que redujo al atacante (33), procediendo a su aprehensi\u00f3n y traslado hacia la Comisar\u00eda local, donde qued\u00f3 alojado a disposici\u00f3n de la Fiscal\u00eda de Instrucci\u00f3n de Arroyito. <\/p>\n\n\n\n<p>Fuente: informe de la oficial Principal Jesica Paz, a cargo Base Operativa Sector Sur Suboficial Principal Gustavo Carlos D\u00edaz. <\/p>\n\n\n\n<p>Si padec\u00e9s alg\u00fan tipo de maltrato comunicate con la l\u00ednea gratuita de contenci\u00f3n, informaci\u00f3n y asesoramiento para la prevenci\u00f3n de la violencia de g\u00e9nero. Llam\u00e1 al 144. Ped\u00ed ayuda, es el primer paso. <\/p>\n","protected":false},"excerpt":{"rendered":"<p>El sujeto de 33 a\u00f1os, que fue reducido por la Polic\u00eda, qued\u00f3 alojado en la Comisar\u00eda a disposici\u00f3n de la&hellip;<\/p>\n","protected":false},"author":3,"featured_media":4281,"comment_status":"closed","ping_status":"open","sticky":false,"template":"","format":"standard","meta":{"footnotes":""},"categories":[824],"tags":[66,67,836,572,635,637,638,825,808,809,810],"class_list":["post-6510","post","type-post","status-publish","format-standard","has-post-thumbnail","hentry","category-policiales-online","tag-arroyito","tag-arroyito-cordoba","tag-arroyito-online","tag-noticias-de-arroyito-y-zona","tag-policia","tag-policiales","tag-policiales-arroyito","tag-policiales-online","tag-violencia","tag-violencia-de-genero","tag-violencia-familiar"],"_links":{"self":[{"href":"https:\/\/arroyitoonline.com.ar\/index.php?rest_route=\/wp\/v2\/posts\/6510","targetHints":{"allow":["GET"]}}],"collection":[{"href":"https:\/\/arroyitoonline.com.ar\/index.php?rest_route=\/wp\/v2\/posts"}],"about":[{"href":"https:\/\/arroyitoonline.com.ar\/index.php?rest_route=\/wp\/v2\/types\/post"}],"author":[{"embeddable":true,"href":"https:\/\/arroyitoonline.com.ar\/index.php?rest_route=\/wp\/v2\/users\/3"}],"replies":[{"embeddable":true,"href":"https:\/\/arroyitoonline.com.ar\/index.php?rest_route=%2Fwp%2Fv2%2Fcomments&post=6510"}],"version-history":[{"count":2,"href":"https:\/\/arroyitoonline.com.ar\/index.php?rest_route=\/wp\/v2\/posts\/6510\/revisions"}],"predecessor-version":[{"id":6513,"href":"https:\/\/arroyitoonline.com.ar\/index.php?rest_route=\/wp\/v2\/posts\/6510\/revisions\/6513"}],"wp:featuredmedia":[{"embeddable":true,"href":"https:\/\/arroyitoonline.com.ar\/index.php?rest_route=\/wp\/v2\/media\/4281"}],"wp:attachment":[{"href":"https:\/\/arroyitoonline.com.ar\/index.php?rest_route=%2Fwp%2Fv2%2Fmedia&parent=6510"}],"wp:term":[{"taxonomy":"category","embeddable":true,"href":"https:\/\/arroyitoonline.com.ar\/index.php?rest_route=%2Fwp%2Fv2%2Fcategories&post=6510"},{"taxonomy":"post_tag","embeddable":true,"href":"https:\/\/arroyitoonline.com.ar\/index.php?rest_route=%2Fwp%2Fv2%2Ftags&post=6510"}],"curies":[{"name":"wp","href":"https:\/\/api.w.org\/{rel}","templated":true}]}}