{"id":6533,"date":"2019-11-21T13:16:58","date_gmt":"2019-11-21T13:16:58","guid":{"rendered":"https:\/\/arroyitoonline.com.ar\/?p=6533"},"modified":"2019-11-21T13:17:03","modified_gmt":"2019-11-21T13:17:03","slug":"cravero-y-benedetti-protagonizaron-la-primera-reunion-de-transicion","status":"publish","type":"post","link":"https:\/\/arroyitoonline.com.ar\/?p=6533","title":{"rendered":"Cravero y Benedetti protagonizaron la primera reuni\u00f3n de transici\u00f3n"},"content":{"rendered":"\n<p><strong>El encuentro fue pedido, mediante nota, por el mandatario entrante quien, luego lo calific\u00f3 como <\/strong><em><strong>&#8220;amigable&#8221;<\/strong><\/em><strong>.<\/strong><\/p>\n\n\n\n<p>En la ma\u00f1ana del viernes pasado, y sin darle aviso formal a los medios de comunicaci\u00f3n, se produjo la primera reuni\u00f3n de transici\u00f3n entre los intendentes saliente y entrante, Mauricio Cravero y Gustavo Benedetti. <\/p>\n\n\n\n<p>El encuentro sucedi\u00f3 en la sala de gabinete del Municipio, en un marco de cordialidad entre los dos mandatarios, con la particularidad de que se repite la foto de 2011, cuando el traspaso fue con los mismos protagonistas, pero al rev\u00e9s. <\/p>\n\n\n\n<figure class=\"wp-block-image\"><img loading=\"lazy\" decoding=\"async\" width=\"960\" height=\"640\" src=\"https:\/\/arroyitoonline.com.ar\/wp-content\/uploads\/2019\/11\/cravero-benedetti-2011.jpg\" alt=\"\" class=\"wp-image-6535\" srcset=\"https:\/\/arroyitoonline.com.ar\/wp-content\/uploads\/2019\/11\/cravero-benedetti-2011.jpg 960w, https:\/\/arroyitoonline.com.ar\/wp-content\/uploads\/2019\/11\/cravero-benedetti-2011-300x200.jpg 300w, https:\/\/arroyitoonline.com.ar\/wp-content\/uploads\/2019\/11\/cravero-benedetti-2011-768x512.jpg 768w\" sizes=\"auto, (max-width: 960px) 100vw, 960px\" \/><figcaption><em>La foto tomada por Walter Llanes hace ocho a\u00f1os<\/em><\/figcaption><\/figure>\n\n\n\n<figure class=\"wp-block-image\"><img loading=\"lazy\" decoding=\"async\" width=\"960\" height=\"640\" src=\"https:\/\/arroyitoonline.com.ar\/wp-content\/uploads\/2019\/11\/cravero-benedetti-2019.jpg\" alt=\"\" class=\"wp-image-6536\" srcset=\"https:\/\/arroyitoonline.com.ar\/wp-content\/uploads\/2019\/11\/cravero-benedetti-2019.jpg 960w, https:\/\/arroyitoonline.com.ar\/wp-content\/uploads\/2019\/11\/cravero-benedetti-2019-300x200.jpg 300w, https:\/\/arroyitoonline.com.ar\/wp-content\/uploads\/2019\/11\/cravero-benedetti-2019-768x512.jpg 768w\" sizes=\"auto, (max-width: 960px) 100vw, 960px\" \/><figcaption><em>La foto tomada por Walter Llanes en\u00a0esta\u00a0primera\u00a0reuni\u00f3n\u00a0de\u00a0transici\u00f3n<\/em> <\/figcaption><\/figure>\n\n\n\n<p>Tras la reuni\u00f3n,<strong> Canal 3<\/strong> entrevist\u00f3 al electo jefe municipal, quien expres\u00f3 que la reuni\u00f3n \u2013pedida por \u00e9l mediante nota- fue<em> &#8220;amigable&#8221;<\/em> y que su pretensi\u00f3n es la de conocer la realidad del Municipio, a trav\u00e9s de una transici\u00f3n <em>&#8220;prolija y transparente&#8221;<\/em>. <\/p>\n\n\n\n<p><em>&#8220;Hemos encontrado tambi\u00e9n en el Ejecutivo actual esa predisposici\u00f3n, hemos consensuado y coordinado algunas cosas, que van a ser pedidas a trav\u00e9s de notas que el intendente va a ir derivando a cada \u00e1rea. Nos vamos a manejar de esa manera hasta el d\u00eda que se haga el acta de transferencia, donde va a estar especificado definitivamente todo lo que tiene que ver con lo contable, con el personal, con todo el tema del funcionamiento de las \u00e1reas, las obras en marcha, los programas gestionados&#8221;<\/em>, dijo Benedetti. <\/p>\n\n\n\n<p>Adem\u00e1s, el electo primer mandatario afirm\u00f3 que cuenta con el compromiso de su predecesor de que no habr\u00e1 m\u00e1s designaciones de nuevo personal en planta y que, tras su asunci\u00f3n, garantizar\u00e1 el trabajo de aquellos que se desempe\u00f1an en el \u00e1mbito p\u00fablico desde hace tiempo, aunque puedan existir algunas reubicaciones. Tambi\u00e9n destac\u00f3 que su preocupaci\u00f3n al entrar, como la de cualquier gobierno, es ver el tema de las cuentas, por lo que ya ha coordinado con el actual secretario de Hacienda. <\/p>\n\n\n\n<p>Fuente: Canal 3. <\/p>\n\n\n\n<p>Foto. Walter Llanes.<\/p>\n","protected":false},"excerpt":{"rendered":"<p>El encuentro fue pedido, mediante nota, por el mandatario entrante quien, luego lo calific\u00f3 como &#8220;amigable&#8221;. En la ma\u00f1ana del&hellip;<\/p>\n","protected":false},"author":3,"featured_media":6534,"comment_status":"closed","ping_status":"open","sticky":false,"template":"","format":"standard","meta":{"footnotes":""},"categories":[8],"tags":[13,66,67,836,253,968,527,572,640,918],"class_list":["post-6533","post","type-post","status-publish","format-standard","has-post-thumbnail","hentry","category-politica","tag-13","tag-arroyito","tag-arroyito-cordoba","tag-arroyito-online","tag-cravero","tag-gustavo-benedetti","tag-mauricio-cravero","tag-noticias-de-arroyito-y-zona","tag-politica","tag-politica-online"],"_links":{"self":[{"href":"https:\/\/arroyitoonline.com.ar\/index.php?rest_route=\/wp\/v2\/posts\/6533","targetHints":{"allow":["GET"]}}],"collection":[{"href":"https:\/\/arroyitoonline.com.ar\/index.php?rest_route=\/wp\/v2\/posts"}],"about":[{"href":"https:\/\/arroyitoonline.com.ar\/index.php?rest_route=\/wp\/v2\/types\/post"}],"author":[{"embeddable":true,"href":"https:\/\/arroyitoonline.com.ar\/index.php?rest_route=\/wp\/v2\/users\/3"}],"replies":[{"embeddable":true,"href":"https:\/\/arroyitoonline.com.ar\/index.php?rest_route=%2Fwp%2Fv2%2Fcomments&post=6533"}],"version-history":[{"count":1,"href":"https:\/\/arroyitoonline.com.ar\/index.php?rest_route=\/wp\/v2\/posts\/6533\/revisions"}],"predecessor-version":[{"id":6537,"href":"https:\/\/arroyitoonline.com.ar\/index.php?rest_route=\/wp\/v2\/posts\/6533\/revisions\/6537"}],"wp:featuredmedia":[{"embeddable":true,"href":"https:\/\/arroyitoonline.com.ar\/index.php?rest_route=\/wp\/v2\/media\/6534"}],"wp:attachment":[{"href":"https:\/\/arroyitoonline.com.ar\/index.php?rest_route=%2Fwp%2Fv2%2Fmedia&parent=6533"}],"wp:term":[{"taxonomy":"category","embeddable":true,"href":"https:\/\/arroyitoonline.com.ar\/index.php?rest_route=%2Fwp%2Fv2%2Fcategories&post=6533"},{"taxonomy":"post_tag","embeddable":true,"href":"https:\/\/arroyitoonline.com.ar\/index.php?rest_route=%2Fwp%2Fv2%2Ftags&post=6533"}],"curies":[{"name":"wp","href":"https:\/\/api.w.org\/{rel}","templated":true}]}}