{"id":6564,"date":"2019-11-26T14:24:27","date_gmt":"2019-11-26T14:24:27","guid":{"rendered":"https:\/\/arroyitoonline.com.ar\/?p=6564"},"modified":"2019-11-26T14:41:42","modified_gmt":"2019-11-26T14:41:42","slug":"la-primera-edicion-nacional-de-la-fiesta-arroyito-la-dulce-ciudad-del-pais-fue-un-exito-rotundo","status":"publish","type":"post","link":"https:\/\/arroyitoonline.com.ar\/?p=6564","title":{"rendered":"La primera edici\u00f3n Nacional de la Fiesta Arroyito, la Dulce Ciudad del Pa\u00eds fue un \u00e9xito rotundo"},"content":{"rendered":"\n<p><strong>Los nueve stands de comidas del mundo fueron arrasados por la masiva concurrencia, durante las tres noches, que tuvieron entrada libre y gratuita.<\/strong><\/p>\n\n\n\n<p>Durante el viernes 22, el s\u00e1bado 23 y el domingo 24 de noviembre se desarroll\u00f3 la sexta edici\u00f3n provincial y la primera entrega nacional de la Fiesta Arroyito, la Dulce Ciudad del Pa\u00eds. <\/p>\n\n\n\n<p>En este marco, se concret\u00f3 el evento de aromas y sabores de distintas partes del planeta englobados en las Comidas del Mundo. Esta feria gastron\u00f3mica estuvo representada por clubes, centros vecinales y particulares, trabajando, de manera simult\u00e1nea, en nueve stands, todos arrasados por la masiva concurrencia: <\/p>\n\n\n\n<p>Locro, chorip\u00e1n y empanadas de Argentina (Club Deportivo y Cultural Arroyito); tacos y lomos de M\u00e9xico (Comparsa Gardelia); pizzas y tiramis\u00fa de Italia (Club 24 de Septiembre); hamburguesas, papas fritas, panchos y donas de Estados Unidos (Centro Vecinal Nicol\u00e1s Batalla); s\u00e1ndwich de chivito de Uruguay (Centro Cultural y Vecinal Enrique Brizio); s\u00e1ndwich con carne de cerdo flambeada de Chile (Centro Vecinal San Miguel); caipirinha, sangr\u00eda y melanc\u00eda de Brasil (Comisi\u00f3n de la Escuela Municipal de Folclore); shawarma de Irak (Mohamed Belasem); lomo saltado con arroz graneado y aj\u00ed de gallina de Per\u00fa (Luis Fern\u00e1ndez Silva).<\/p>\n\n\n\n<p>Tambi\u00e9n tuvieron sus espacios las firmas PSA Purificadores de agua, Cerveza Artesanal Cincuentenaria, Xan\u00e1 Cervecer\u00eda Artesanal y Jalisco helados.<\/p>\n\n\n\n<figure><iframe loading=\"lazy\" src=\"https:\/\/www.facebook.com\/plugins\/post.php?href=https%3A%2F%2Fwww.facebook.com%2Farroyitoonlineoficial%2Fposts%2F2572373799657172&amp;width=500\" width=\"500\" height=\"783\"><\/iframe><\/figure>\n\n\n\n<p><strong>El viernes m\u00e1s &#8220;loco&#8221;<\/strong><\/p>\n\n\n\n<p>El viernes 22 se inaugur\u00f3 con la presencia de autoridades y la actuaci\u00f3n siempre destacable de la Banda Sinf\u00f3nica interpretando el Himno Nacional y canciones de Queen, Supertramp&nbsp;y Abba. En este marco, el intendente reconoci\u00f3 a los ide\u00f3logos de esta fiesta, que se consolid\u00f3 como la sucesora de la Semana de Arroyito: Roberto Bazzi, Enrique Poloni y H\u00e9ctor Sosa. <\/p>\n\n\n\n<figure><iframe loading=\"lazy\" src=\"https:\/\/www.facebook.com\/plugins\/post.php?href=https%3A%2F%2Fwww.facebook.com%2Farroyitoonlineoficial%2Fposts%2F2571993763028509&amp;width=500\" width=\"500\" height=\"802\"><\/iframe><\/figure>\n\n\n\n<p>Durante la noche se presentaron distintas academias de danzas, dando lugar a la banda del momento, Cuento Viejo, que le dej\u00f3 un escenario caliente a Cristian Amato. El regreso del &#8220;loco&#8221; a Arroyito se produjo con un marco imponente de fans, que disfrutaron de todos sus cl\u00e1sicos.<\/p>\n\n\n\n<figure class=\"wp-block-embed-facebook aligncenter wp-block-embed is-type-video is-provider-facebook\"><div class=\"wp-block-embed__wrapper\">\nhttps:\/\/www.facebook.com\/arroyitoonlineoficial\/videos\/496528397740620\/?__tn__=kC-R&#038;eid=ARBm3rMgbH4jOIJ311-oTr_C_0zslOlTtrh0Jw_yAOCPCXwz9S03qSzZFOwTZ5lZpJCLXbuoqFym5cMf&#038;hc_ref=ARRf9IqRmUDmmFiyBhoRjJeTDB35qnDB2BUeRRgVYNFV1r04l78nWCbiCPsK4ucBoPI&#038;fref=nf&#038;__xts__[0]=68.ARADBBLKybGOwLga4NRUsARJVNIMNnjlLQjLQYXHH_HRGz6MC42XXAb8TA0xmh9AljX9wLeqaRWZ8UCIqqZK39wGz67CA-sOSrb_1VU5nsq927mQvwtmw1F4Ms0EoDSjmm0eCAOxomxgCgyE9rPh0FM1yXmhwjSg4ANabXAdTKwAFrZ3cbgjs4JmCP5_VN5aiZxiEwYTiLE6jWoVIEJrZopyQcxuWjPrANyhEfkyIPPNB-HwqzzMvTA7E5PIGfHC3oUwj_h6Ipg-acVx975Zhu4LGciUupOxdwEKWI_9nqyscSRnrAboJOgC0KwDyaTpSBUnIfAd5-ZL4HhkBzDXM6iZp9J1\n<\/div><\/figure>\n\n\n\n<p><strong>S\u00e1bado de risas y belleza<\/strong><\/p>\n\n\n\n<p>La segunda jornada comenz\u00f3 con un homenaje por el D\u00eda del Origen, momento en el que entregaron reconocimientos a empleados municipales de 20, 25, 30 y 35 a\u00f1os de trabajo;&nbsp;adem\u00e1s de una distinci\u00f3n como ciudadanos Ilustres a los Veteranos de la Guerra de Malvinas nativos y\/o residentes en la ciudad de Arroyito, a trav\u00e9s de la Ordenanza 1.859\/2019 presentada por el Vecinalismo Independiente y aprobada por todo el Concejo. <\/p>\n\n\n\n<figure class=\"wp-block-embed-facebook aligncenter wp-block-embed is-type-video is-provider-facebook\"><div class=\"wp-block-embed__wrapper\">\nhttps:\/\/www.facebook.com\/arroyitoonlineoficial\/videos\/1231710147013262\/?__tn__=kC-R&#038;eid=ARBm3rMgbH4jOIJ311-oTr_C_0zslOlTtrh0Jw_yAOCPCXwz9S03qSzZFOwTZ5lZpJCLXbuoqFym5cMf&#038;hc_ref=ARRf9IqRmUDmmFiyBhoRjJeTDB35qnDB2BUeRRgVYNFV1r04l78nWCbiCPsK4ucBoPI&#038;fref=nf&#038;__xts__[0]=68.ARADBBLKybGOwLga4NRUsARJVNIMNnjlLQjLQYXHH_HRGz6MC42XXAb8TA0xmh9AljX9wLeqaRWZ8UCIqqZK39wGz67CA-sOSrb_1VU5nsq927mQvwtmw1F4Ms0EoDSjmm0eCAOxomxgCgyE9rPh0FM1yXmhwjSg4ANabXAdTKwAFrZ3cbgjs4JmCP5_VN5aiZxiEwYTiLE6jWoVIEJrZopyQcxuWjPrANyhEfkyIPPNB-HwqzzMvTA7E5PIGfHC3oUwj_h6Ipg-acVx975Zhu4LGciUupOxdwEKWI_9nqyscSRnrAboJOgC0KwDyaTpSBUnIfAd5-ZL4HhkBzDXM6iZp9J1\n<\/div><\/figure>\n\n\n\n<p>Continuando con el desarrollo del evento hicieron su presentaci\u00f3n los ganadores del Arroyito Canta 2019: Categor\u00eda Kids, Josefina Rivarola; Categor\u00eda Teens, Martina Bortolini, y Categor\u00eda Mayores, Maximiliano Olmos.<\/p>\n\n\n\n<p>M\u00e1s tarde se produjo la llegada de las 24 reinas consagradas que dijeron presente, llegando desde distintos puntos de C\u00f3rdoba y Santa Fe; junto a las ocho postulantes que <a href=\"https:\/\/arroyitoonline.com.ar\/info-online\/espectaculos-online\/dianela-brezzo-es-la-primera-reina-nacional-de-la-dulce-ciudad\/\">compitieron por el cetro m\u00e1ximo de la noche<\/a> resultando como primera reina nacional de la Dulce Ciudad, la joven Dianela Brezzo.<\/p>\n\n\n\n<p>Continuando con el espect\u00e1culo, el p\u00fablico disfrut\u00f3 de un show de bombo y malambo que fue aplaudido de pie. Luego se subi\u00f3 al escenario Do\u00f1a Jovita y, en el final, actu\u00f3 Cacho Buenaventura. Ambos trajeron lo mejor del humor cordob\u00e9s haciendo re\u00edr a los miles de asistentes.<\/p>\n\n\n\n<p><strong>Domingo de suspiros del p\u00fablico femenino<\/strong><\/p>\n\n\n\n<p>El domingo 24, el p\u00fablico lleg\u00f3 muy temprano a la C\u00fapula del Polideportivo Enrique Brizio y, desde las 20:00 horas, pasaron las coreograf\u00edas de las distintas academias, escuelas de baile y talleres culturales de los centros vecinales; resultando que m\u00e1s de 600 bailarines subieron al tablado, a lo largo de las tres jornadas. <\/p>\n\n\n\n<figure class=\"wp-block-embed-facebook aligncenter wp-block-embed is-type-video is-provider-facebook\"><div class=\"wp-block-embed__wrapper\">\nhttps:\/\/www.facebook.com\/arroyitoonlineoficial\/videos\/853556841727176\/?__tn__=kC-R&#038;eid=ARBm3rMgbH4jOIJ311-oTr_C_0zslOlTtrh0Jw_yAOCPCXwz9S03qSzZFOwTZ5lZpJCLXbuoqFym5cMf&#038;hc_ref=ARRf9IqRmUDmmFiyBhoRjJeTDB35qnDB2BUeRRgVYNFV1r04l78nWCbiCPsK4ucBoPI&#038;fref=nf&#038;__xts__[0]=68.ARADBBLKybGOwLga4NRUsARJVNIMNnjlLQjLQYXHH_HRGz6MC42XXAb8TA0xmh9AljX9wLeqaRWZ8UCIqqZK39wGz67CA-sOSrb_1VU5nsq927mQvwtmw1F4Ms0EoDSjmm0eCAOxomxgCgyE9rPh0FM1yXmhwjSg4ANabXAdTKwAFrZ3cbgjs4JmCP5_VN5aiZxiEwYTiLE6jWoVIEJrZopyQcxuWjPrANyhEfkyIPPNB-HwqzzMvTA7E5PIGfHC3oUwj_h6Ipg-acVx975Zhu4LGciUupOxdwEKWI_9nqyscSRnrAboJOgC0KwDyaTpSBUnIfAd5-ZL4HhkBzDXM6iZp9J1\n<\/div><\/figure>\n\n\n\n<p>M\u00e1s tarde brillaron en el escenario la ganadora del pre-Cosqu\u00edn 2019 en su sede Morteros, Valeria Flores acompa\u00f1ada por Cristian Rampa en guitarra, y la gran int\u00e9rprete Flavia Hattemer. Ambas resultaron ovacionadas.<\/p>\n\n\n\n<p>Esta 1ra. Fiesta Nacional y 6ta. Provincial Arroyito, la Dulce Ciudad del Pa\u00eds culmin\u00f3 con la brillante actuaci\u00f3n, tan esperada sobre todo por el p\u00fablico femenino, de Destino San Javier, quien ofreci\u00f3 un show impresionante, ante la presencia de miles de personas.<\/p>\n\n\n\n<p>Este regreso se produjo luego de que, durante el verano pasado, el grupo se alzara con las dos gaviotas en Vi\u00f1a del Mar, m\u00e1xima conquista de la Quinta Vergara y el Premio Gardel como &#8220;Mejor nuevo artista del a\u00f1o&#8221;. <\/p>\n\n\n\n<p>Al respecto opin\u00f3 el intendente Mauricio Cravero, cuya gesti\u00f3n institucionaliz\u00f3 la fiesta, afirmando que <em>&#8220;nos da una inmensa alegr\u00eda de saber y sentir que, como comunidad&nbsp;a partir de hoy, tenemos algo que ya nos identifica y lo damos por seguro que seguir\u00e1 creciendo e instal\u00e1ndose en los corazones de los arroyitenses\u201d<\/em>.&nbsp;<\/p>\n\n\n\n<p>Adem\u00e1s, desde el Municipio agradecieron a todos los que participaron en la organizaci\u00f3n, al personal municipal <em>&#8220;que garantiz\u00f3 estos d\u00edas ininterrumpidos de eventos y fundamentalmente a cada uno de los vecinos y vecinas de Arroyito que dijeron, una vez m\u00e1s, S\u00cd a esta Fiesta Nacional y Provincial Arroyito, la Dulce ciudad del Pa\u00eds\u201d<\/em>.<\/p>\n\n\n\n<p>La foto de portada es gentileza de Walter Llanes (Prensa Municipal).<br><\/p>\n","protected":false},"excerpt":{"rendered":"<p>Los nueve stands de comidas del mundo fueron arrasados por la masiva concurrencia, durante las tres noches, que tuvieron entrada&hellip;<\/p>\n","protected":false},"author":3,"featured_media":6567,"comment_status":"closed","ping_status":"open","sticky":false,"template":"","format":"standard","meta":{"footnotes":""},"categories":[2],"tags":[66,67,836,93,181,206,207,253,372,373,1040,527,555,556,559,572,679,1054],"class_list":["post-6564","post","type-post","status-publish","format-standard","has-post-thumbnail","hentry","category-cultura-y-espectaculos","tag-arroyito","tag-arroyito-cordoba","tag-arroyito-online","tag-ballet-municipal","tag-centros-vecinales","tag-club-24","tag-club-cultural","tag-cravero","tag-fiesta","tag-fiesta-de-la-dulce-ciudad","tag-fiesta-nacional-de-la-dulce-ciudad-del-pais","tag-mauricio-cravero","tag-municipalidad","tag-municipalidad-de-arroyito","tag-musica","tag-noticias-de-arroyito-y-zona","tag-reina","tag-reina-nacional-de-la-dulce-ciudad-del-pais"],"_links":{"self":[{"href":"https:\/\/arroyitoonline.com.ar\/index.php?rest_route=\/wp\/v2\/posts\/6564","targetHints":{"allow":["GET"]}}],"collection":[{"href":"https:\/\/arroyitoonline.com.ar\/index.php?rest_route=\/wp\/v2\/posts"}],"about":[{"href":"https:\/\/arroyitoonline.com.ar\/index.php?rest_route=\/wp\/v2\/types\/post"}],"author":[{"embeddable":true,"href":"https:\/\/arroyitoonline.com.ar\/index.php?rest_route=\/wp\/v2\/users\/3"}],"replies":[{"embeddable":true,"href":"https:\/\/arroyitoonline.com.ar\/index.php?rest_route=%2Fwp%2Fv2%2Fcomments&post=6564"}],"version-history":[{"count":8,"href":"https:\/\/arroyitoonline.com.ar\/index.php?rest_route=\/wp\/v2\/posts\/6564\/revisions"}],"predecessor-version":[{"id":6589,"href":"https:\/\/arroyitoonline.com.ar\/index.php?rest_route=\/wp\/v2\/posts\/6564\/revisions\/6589"}],"wp:featuredmedia":[{"embeddable":true,"href":"https:\/\/arroyitoonline.com.ar\/index.php?rest_route=\/wp\/v2\/media\/6567"}],"wp:attachment":[{"href":"https:\/\/arroyitoonline.com.ar\/index.php?rest_route=%2Fwp%2Fv2%2Fmedia&parent=6564"}],"wp:term":[{"taxonomy":"category","embeddable":true,"href":"https:\/\/arroyitoonline.com.ar\/index.php?rest_route=%2Fwp%2Fv2%2Fcategories&post=6564"},{"taxonomy":"post_tag","embeddable":true,"href":"https:\/\/arroyitoonline.com.ar\/index.php?rest_route=%2Fwp%2Fv2%2Ftags&post=6564"}],"curies":[{"name":"wp","href":"https:\/\/api.w.org\/{rel}","templated":true}]}}