{"id":6594,"date":"2019-11-26T20:36:38","date_gmt":"2019-11-26T20:36:38","guid":{"rendered":"https:\/\/arroyitoonline.com.ar\/?p=6594"},"modified":"2019-11-26T20:36:42","modified_gmt":"2019-11-26T20:36:42","slug":"fallecio-el-joven-de-arroyito-que-cayo-en-una-zona-de-piedras-del-salto-mariposas","status":"publish","type":"post","link":"https:\/\/arroyitoonline.com.ar\/?p=6594","title":{"rendered":"Falleci\u00f3 el joven de Arroyito que cay\u00f3 en una zona de piedras del Salto Mariposas"},"content":{"rendered":"\n<p><strong>Se trata de Jonathan Lara (23), que ten\u00eda residencia en Puerto Iguaz\u00fa desde hac\u00eda dos a\u00f1os. <\/strong><\/p>\n\n\n\n<p>El joven de Arroyito, Jonathan Lara (23 a\u00f1os) \u2013<em>con residencia en Iguaz\u00fa hace dos a\u00f1os<\/em>\u2013, <strong>falleci\u00f3<\/strong>\u00a0en la ma\u00f1ana de este martes en el\u00a0<strong>hospital Samic<\/strong>\u00a0Dra. Marta T. Schwarz,\u00a0como consecuencia de las graves lesiones recibidas luego de\u00a0haber ca\u00eddo en una zona de piedras del Salto Mariposas ubicado en cercan\u00edas del Hito de las Tres Fronteras, el pasado jueves 21 de noviembre.\u00a0<\/p>\n\n\n\n<p>Lara fue rescatado por personal de\u00a0<strong>Seguridad Ciudadana Municipal<\/strong>\u00a0y de <strong>Prefectura Naval Argentina<\/strong>\u00a0y trasladado de inmediato al nosocomio, con lesiones de distinta consideraci\u00f3n.<\/p>\n\n\n\n<p>El joven, que se encontraba internado en el hospital en grave estado,\u00a0<strong>falleci\u00f3 alrededor de las 8:00 horas de este martes<\/strong>, por\u00a0<em>\u201cembolia pulmonar y politraumatismos<\/em>\u201d, seg\u00fan se inform\u00f3 desde el centro asistencial. <\/p>\n\n\n\n<p>Sus restos est\u00e1n siendo velados en Cocher\u00eda Santa Rita sucursal de barrio Las Le\u00f1as (Av. Rep\u00fablica Argentina s\/n \u2013Sala 3-), Puerto Iguaz\u00fa. <\/p>\n\n\n\n<p>Fuente: misionesonline.net.<\/p>\n","protected":false},"excerpt":{"rendered":"<p>Se trata de Jonathan Lara (23), que ten\u00eda residencia en Puerto Iguaz\u00fa desde hac\u00eda dos a\u00f1os. El joven de Arroyito,&hellip;<\/p>\n","protected":false},"author":3,"featured_media":6595,"comment_status":"closed","ping_status":"open","sticky":false,"template":"","format":"standard","meta":{"footnotes":""},"categories":[900],"tags":[66,67,836,471,548,571,572],"class_list":["post-6594","post","type-post","status-publish","format-standard","has-post-thumbnail","hentry","category-noticias","tag-arroyito","tag-arroyito-cordoba","tag-arroyito-online","tag-jovenes","tag-muerte","tag-noticia","tag-noticias-de-arroyito-y-zona"],"_links":{"self":[{"href":"https:\/\/arroyitoonline.com.ar\/index.php?rest_route=\/wp\/v2\/posts\/6594","targetHints":{"allow":["GET"]}}],"collection":[{"href":"https:\/\/arroyitoonline.com.ar\/index.php?rest_route=\/wp\/v2\/posts"}],"about":[{"href":"https:\/\/arroyitoonline.com.ar\/index.php?rest_route=\/wp\/v2\/types\/post"}],"author":[{"embeddable":true,"href":"https:\/\/arroyitoonline.com.ar\/index.php?rest_route=\/wp\/v2\/users\/3"}],"replies":[{"embeddable":true,"href":"https:\/\/arroyitoonline.com.ar\/index.php?rest_route=%2Fwp%2Fv2%2Fcomments&post=6594"}],"version-history":[{"count":1,"href":"https:\/\/arroyitoonline.com.ar\/index.php?rest_route=\/wp\/v2\/posts\/6594\/revisions"}],"predecessor-version":[{"id":6596,"href":"https:\/\/arroyitoonline.com.ar\/index.php?rest_route=\/wp\/v2\/posts\/6594\/revisions\/6596"}],"wp:featuredmedia":[{"embeddable":true,"href":"https:\/\/arroyitoonline.com.ar\/index.php?rest_route=\/wp\/v2\/media\/6595"}],"wp:attachment":[{"href":"https:\/\/arroyitoonline.com.ar\/index.php?rest_route=%2Fwp%2Fv2%2Fmedia&parent=6594"}],"wp:term":[{"taxonomy":"category","embeddable":true,"href":"https:\/\/arroyitoonline.com.ar\/index.php?rest_route=%2Fwp%2Fv2%2Fcategories&post=6594"},{"taxonomy":"post_tag","embeddable":true,"href":"https:\/\/arroyitoonline.com.ar\/index.php?rest_route=%2Fwp%2Fv2%2Ftags&post=6594"}],"curies":[{"name":"wp","href":"https:\/\/api.w.org\/{rel}","templated":true}]}}