{"id":6599,"date":"2019-11-25T10:23:23","date_gmt":"2019-11-25T10:23:23","guid":{"rendered":"https:\/\/arroyitoonline.com.ar\/?p=6599"},"modified":"2019-11-26T22:45:26","modified_gmt":"2019-11-26T22:45:26","slug":"arroyito-celebro-el-241-aniversario-del-dia-del-origen","status":"publish","type":"post","link":"https:\/\/arroyitoonline.com.ar\/?p=6599","title":{"rendered":"Arroyito celebr\u00f3 el 241\u00b0 Aniversario del D\u00eda del Origen"},"content":{"rendered":"\n<p><strong>El sencillo acto se desarroll\u00f3 en la capilla hist\u00f3rica San Cayetano, donde se origin\u00f3 nuestra ciudad. <\/strong><\/p>\n\n\n\n<p>El pasado s\u00e1bado 23 de noviembre por la ma\u00f1ana, el Municipio realiz\u00f3 el acto protocolar, en homenaje por el 241\u00b0 Aniversario del D\u00eda del Origen de Arroyito.<\/p>\n\n\n\n<p>La elecci\u00f3n del lugar coincidi\u00f3 con la zona donde todo comenz\u00f3. El evento se desarroll\u00f3 en la iglesia San Cayetano. Acompa\u00f1ando al intendente Mauricio Cravero estuvieron la vice Graciela Tristany, la secretaria de Acci\u00f3n Social\u00a0Mirian Zagonel, los concejales Alejandra Dellavale, Carolina Ciancia, Wilson Genesio y Juan Jos\u00e9 Sileone, la directora de Cultura Viviana Sam Sam y el director del Museo Gustavo Pav\u00f3n.<\/p>\n\n\n\n<p>El sencillo acto comenz\u00f3 con las estrofas del Himno Nacional Argentino interpretado por\u00a0un ensamble de la Banda Sinf\u00f3nica dirigido por Jerem\u00edas\u00a0 Lemos. <\/p>\n\n\n\n<p>Luego, el vicario parroquial, Marcelo Cereda, bendijo a todos los presentes. A continuaci\u00f3n se escucharon las palabras alusivas a cargo del director del Museo y tambi\u00e9n fue muy emotiva la poes\u00eda interpretada y escrita por la profesora Laura Berardo \u201cDe Arroyos y Nostalgias\u201d. <\/p>\n\n\n\n<p>M\u00e1s tarde hubo un minuto de silencio y depositaron una ofrenda floral sobre la l\u00e1pida donde descansan los restos de Jos\u00e9 Ignacio Urqu\u00eda, protagonista y creador de la capilla hist\u00f3rica.<\/p>\n\n\n\n<p>Fuente: Prensa Municipal. <\/p>\n","protected":false},"excerpt":{"rendered":"<p>El sencillo acto se desarroll\u00f3 en la capilla hist\u00f3rica San Cayetano, donde se origin\u00f3 nuestra ciudad. El pasado s\u00e1bado 23&hellip;<\/p>\n","protected":false},"author":3,"featured_media":6600,"comment_status":"closed","ping_status":"open","sticky":false,"template":"","format":"standard","meta":{"footnotes":""},"categories":[2],"tags":[66,67,836,253,291,527,556,572],"class_list":["post-6599","post","type-post","status-publish","format-standard","has-post-thumbnail","hentry","category-cultura-y-espectaculos","tag-arroyito","tag-arroyito-cordoba","tag-arroyito-online","tag-cravero","tag-dia-del-origen","tag-mauricio-cravero","tag-municipalidad-de-arroyito","tag-noticias-de-arroyito-y-zona"],"_links":{"self":[{"href":"https:\/\/arroyitoonline.com.ar\/index.php?rest_route=\/wp\/v2\/posts\/6599","targetHints":{"allow":["GET"]}}],"collection":[{"href":"https:\/\/arroyitoonline.com.ar\/index.php?rest_route=\/wp\/v2\/posts"}],"about":[{"href":"https:\/\/arroyitoonline.com.ar\/index.php?rest_route=\/wp\/v2\/types\/post"}],"author":[{"embeddable":true,"href":"https:\/\/arroyitoonline.com.ar\/index.php?rest_route=\/wp\/v2\/users\/3"}],"replies":[{"embeddable":true,"href":"https:\/\/arroyitoonline.com.ar\/index.php?rest_route=%2Fwp%2Fv2%2Fcomments&post=6599"}],"version-history":[{"count":1,"href":"https:\/\/arroyitoonline.com.ar\/index.php?rest_route=\/wp\/v2\/posts\/6599\/revisions"}],"predecessor-version":[{"id":6601,"href":"https:\/\/arroyitoonline.com.ar\/index.php?rest_route=\/wp\/v2\/posts\/6599\/revisions\/6601"}],"wp:featuredmedia":[{"embeddable":true,"href":"https:\/\/arroyitoonline.com.ar\/index.php?rest_route=\/wp\/v2\/media\/6600"}],"wp:attachment":[{"href":"https:\/\/arroyitoonline.com.ar\/index.php?rest_route=%2Fwp%2Fv2%2Fmedia&parent=6599"}],"wp:term":[{"taxonomy":"category","embeddable":true,"href":"https:\/\/arroyitoonline.com.ar\/index.php?rest_route=%2Fwp%2Fv2%2Fcategories&post=6599"},{"taxonomy":"post_tag","embeddable":true,"href":"https:\/\/arroyitoonline.com.ar\/index.php?rest_route=%2Fwp%2Fv2%2Ftags&post=6599"}],"curies":[{"name":"wp","href":"https:\/\/api.w.org\/{rel}","templated":true}]}}