{"id":6602,"date":"2019-11-25T14:33:30","date_gmt":"2019-11-25T14:33:30","guid":{"rendered":"https:\/\/arroyitoonline.com.ar\/?p=6602"},"modified":"2019-11-27T02:50:50","modified_gmt":"2019-11-27T02:50:50","slug":"reconocieron-a-empleados-municipales-con-mas-de-20-anos-de-trayectoria","status":"publish","type":"post","link":"https:\/\/arroyitoonline.com.ar\/?p=6602","title":{"rendered":"Reconocieron a empleados municipales con m\u00e1s de 20 a\u00f1os de trayectoria"},"content":{"rendered":"\n<p><strong>El intendente y dem\u00e1s funcionarios entregaron presentes a agentes p\u00fablicos con 20, 25, 30 y 35 a\u00f1os de servicio.<\/strong><\/p>\n\n\n\n<p>El pasado s\u00e1bado 23 de noviembre, en el marco de la celebraci\u00f3n del 241\u00b0 Aniversario del D\u00eda del Origen de Arroyito y de la Fiesta Nacional de la Dulce Ciudad del Pa\u00eds, el intendente Mauricio Cravero reconoci\u00f3 a empleados municipales que cumplieron 20, 25, 30 y 35 a\u00f1os de servicio. <\/p>\n\n\n\n<p>La ceremonia se desarroll\u00f3 en la C\u00fapula del Polideportivo Enrique Brizio del CDYCA. Los homenajeados fueron: Jorge Cometto, Gustavo Pav\u00f3n, Roberto Moyano, Osvaldo Dedominici, Alejandra S\u00e1nchez de Bustamante, Silvia Lovera, Hugo Almir\u00f3n, Adrian De Barberis, Diego Dom\u00ednguez, Ceferino Zamora, Sergio Ferrato, Jos\u00e9 Cabrera, Pablo \u00c1lvarez, Esther Toledo, Jorge Garc\u00eda, Javier Vega, Mario Benavidez y Julio Carnero.<\/p>\n\n\n\n<p>En sus palabras, el primer mandatario destac\u00f3 que<em> \u201cEl mayor reconocimiento para un empleado municipal es ser la cara visible, quien est\u00e1 en contacto con el vecino, por lo que deben sentirse orgullosos de ser servidores p\u00fablicos\u201d<\/em>,\u00a0y\u00a0agradeci\u00f3 <em>\u201cel esfuerzo, esmero, dedicaci\u00f3n y trabajo que han realizado a lo largo de las diferentes gestiones de gobierno y que han beneficiado a todos los vecinos de\u00a0 nuestra ciudad\u201d<\/em>.<\/p>\n\n\n\n<p>Fuente: Prensa Municipal. <\/p>\n","protected":false},"excerpt":{"rendered":"<p>El intendente y dem\u00e1s funcionarios entregaron presentes a agentes p\u00fablicos con 20, 25, 30 y 35 a\u00f1os de servicio. El&hellip;<\/p>\n","protected":false},"author":3,"featured_media":6604,"comment_status":"closed","ping_status":"open","sticky":false,"template":"","format":"standard","meta":{"footnotes":""},"categories":[829],"tags":[66,67,836,253,911,527,868,555,556,572],"class_list":["post-6602","post","type-post","status-publish","format-standard","has-post-thumbnail","hentry","category-municipales-online","tag-arroyito","tag-arroyito-cordoba","tag-arroyito-online","tag-cravero","tag-empleados-municipales","tag-mauricio-cravero","tag-municipales-online","tag-municipalidad","tag-municipalidad-de-arroyito","tag-noticias-de-arroyito-y-zona"],"_links":{"self":[{"href":"https:\/\/arroyitoonline.com.ar\/index.php?rest_route=\/wp\/v2\/posts\/6602","targetHints":{"allow":["GET"]}}],"collection":[{"href":"https:\/\/arroyitoonline.com.ar\/index.php?rest_route=\/wp\/v2\/posts"}],"about":[{"href":"https:\/\/arroyitoonline.com.ar\/index.php?rest_route=\/wp\/v2\/types\/post"}],"author":[{"embeddable":true,"href":"https:\/\/arroyitoonline.com.ar\/index.php?rest_route=\/wp\/v2\/users\/3"}],"replies":[{"embeddable":true,"href":"https:\/\/arroyitoonline.com.ar\/index.php?rest_route=%2Fwp%2Fv2%2Fcomments&post=6602"}],"version-history":[{"count":2,"href":"https:\/\/arroyitoonline.com.ar\/index.php?rest_route=\/wp\/v2\/posts\/6602\/revisions"}],"predecessor-version":[{"id":6605,"href":"https:\/\/arroyitoonline.com.ar\/index.php?rest_route=\/wp\/v2\/posts\/6602\/revisions\/6605"}],"wp:featuredmedia":[{"embeddable":true,"href":"https:\/\/arroyitoonline.com.ar\/index.php?rest_route=\/wp\/v2\/media\/6604"}],"wp:attachment":[{"href":"https:\/\/arroyitoonline.com.ar\/index.php?rest_route=%2Fwp%2Fv2%2Fmedia&parent=6602"}],"wp:term":[{"taxonomy":"category","embeddable":true,"href":"https:\/\/arroyitoonline.com.ar\/index.php?rest_route=%2Fwp%2Fv2%2Fcategories&post=6602"},{"taxonomy":"post_tag","embeddable":true,"href":"https:\/\/arroyitoonline.com.ar\/index.php?rest_route=%2Fwp%2Fv2%2Ftags&post=6602"}],"curies":[{"name":"wp","href":"https:\/\/api.w.org\/{rel}","templated":true}]}}