{"id":6615,"date":"2019-11-27T14:18:45","date_gmt":"2019-11-27T14:18:45","guid":{"rendered":"https:\/\/arroyitoonline.com.ar\/?p=6615"},"modified":"2019-11-27T14:18:47","modified_gmt":"2019-11-27T14:18:47","slug":"se-viene-la-obra-musical-hercules-con-dos-funciones","status":"publish","type":"post","link":"https:\/\/arroyitoonline.com.ar\/?p=6615","title":{"rendered":"Se viene la obra musical H\u00e9rcules, con dos funciones"},"content":{"rendered":"\n<p><strong>Se trata de un trabajo conjunto entre la Escuela de M\u00fasica San Francisco Solano, el estudio de danza y arte Danzart y el Taller de Teatro de la Casa de la Cultura.<\/strong><\/p>\n\n\n\n<p>En el marco del ciclo teatral Abriendo Telones, este domingo 1 de diciembre, en el Teatrillo Municipal Jos\u00e9 Francisco Guarch, se presentar\u00e1 la obra musical H\u00e9rcules, en dos funciones, a las 19:00 y a las 21:30 horas.<\/p>\n\n\n\n<figure class=\"wp-block-image\"><img loading=\"lazy\" decoding=\"async\" width=\"800\" height=\"816\" src=\"https:\/\/arroyitoonline.com.ar\/wp-content\/uploads\/2019\/11\/h\u00e9rcules-obra-teatro.jpg\" alt=\"\" class=\"wp-image-6617\" srcset=\"https:\/\/arroyitoonline.com.ar\/wp-content\/uploads\/2019\/11\/h\u00e9rcules-obra-teatro.jpg 800w, https:\/\/arroyitoonline.com.ar\/wp-content\/uploads\/2019\/11\/h\u00e9rcules-obra-teatro-294x300.jpg 294w, https:\/\/arroyitoonline.com.ar\/wp-content\/uploads\/2019\/11\/h\u00e9rcules-obra-teatro-768x783.jpg 768w\" sizes=\"auto, (max-width: 800px) 100vw, 800px\" \/><figcaption><em>El ciclo Abriendo Telones redobla la apuesta con la obra musical H\u00e9rcules<\/em><\/figcaption><\/figure>\n\n\n\n<p>Las entradas cuestan $150, son numeradas y est\u00e1n a la venta llamando al n\u00famero de tel\u00e9fono 3576 523152 (profesora Ayel\u00e9n Juan).<\/p>\n\n\n\n<p>Adem\u00e1s, el espect\u00e1culo contar\u00e1 con la intervenci\u00f3n art\u00edstica de la Escuela de M\u00fasica San Francisco Solano, el estudio de danza y arte Danzart y del Taller de Teatro de la Casa de la Cultura, bajo la direcci\u00f3n general de la profesora\u00a0Ayel\u00e9n Juan.\u00a0\u00a0<\/p>\n\n\n\n<p>Fuente: Prensa Municipal. <\/p>\n","protected":false},"excerpt":{"rendered":"<p>Se trata de un trabajo conjunto entre la Escuela de M\u00fasica San Francisco Solano, el estudio de danza y arte&hellip;<\/p>\n","protected":false},"author":3,"featured_media":6616,"comment_status":"closed","ping_status":"open","sticky":false,"template":"","format":"standard","meta":{"footnotes":""},"categories":[826],"tags":[66,67,836,351,862,572,755,756],"class_list":["post-6615","post","type-post","status-publish","format-standard","has-post-thumbnail","hentry","category-espectaculos-online","tag-arroyito","tag-arroyito-cordoba","tag-arroyito-online","tag-espectaculos","tag-espectaculos-online","tag-noticias-de-arroyito-y-zona","tag-teatrillo","tag-teatro"],"_links":{"self":[{"href":"https:\/\/arroyitoonline.com.ar\/index.php?rest_route=\/wp\/v2\/posts\/6615","targetHints":{"allow":["GET"]}}],"collection":[{"href":"https:\/\/arroyitoonline.com.ar\/index.php?rest_route=\/wp\/v2\/posts"}],"about":[{"href":"https:\/\/arroyitoonline.com.ar\/index.php?rest_route=\/wp\/v2\/types\/post"}],"author":[{"embeddable":true,"href":"https:\/\/arroyitoonline.com.ar\/index.php?rest_route=\/wp\/v2\/users\/3"}],"replies":[{"embeddable":true,"href":"https:\/\/arroyitoonline.com.ar\/index.php?rest_route=%2Fwp%2Fv2%2Fcomments&post=6615"}],"version-history":[{"count":1,"href":"https:\/\/arroyitoonline.com.ar\/index.php?rest_route=\/wp\/v2\/posts\/6615\/revisions"}],"predecessor-version":[{"id":6618,"href":"https:\/\/arroyitoonline.com.ar\/index.php?rest_route=\/wp\/v2\/posts\/6615\/revisions\/6618"}],"wp:featuredmedia":[{"embeddable":true,"href":"https:\/\/arroyitoonline.com.ar\/index.php?rest_route=\/wp\/v2\/media\/6616"}],"wp:attachment":[{"href":"https:\/\/arroyitoonline.com.ar\/index.php?rest_route=%2Fwp%2Fv2%2Fmedia&parent=6615"}],"wp:term":[{"taxonomy":"category","embeddable":true,"href":"https:\/\/arroyitoonline.com.ar\/index.php?rest_route=%2Fwp%2Fv2%2Fcategories&post=6615"},{"taxonomy":"post_tag","embeddable":true,"href":"https:\/\/arroyitoonline.com.ar\/index.php?rest_route=%2Fwp%2Fv2%2Ftags&post=6615"}],"curies":[{"name":"wp","href":"https:\/\/api.w.org\/{rel}","templated":true}]}}