{"id":6619,"date":"2019-11-24T14:25:21","date_gmt":"2019-11-24T14:25:21","guid":{"rendered":"https:\/\/arroyitoonline.com.ar\/?p=6619"},"modified":"2019-11-27T14:41:32","modified_gmt":"2019-11-27T14:41:32","slug":"la-legisladora-graciela-brarda-dono-libros-a-la-biblioteca-municipal","status":"publish","type":"post","link":"https:\/\/arroyitoonline.com.ar\/?p=6619","title":{"rendered":"La legisladora Graciela Brarda don\u00f3 libros a la Biblioteca Municipal"},"content":{"rendered":"\n<p><strong>Fue a trav\u00e9s del Programa de Est\u00edmulo a las Ediciones Literarias Cordobesas, que otorg\u00f3 t\u00edtulos a distintas bibliotecas populares.<\/strong><\/p>\n\n\n\n<p>El lunes 15 de noviembre, en el marco del Programa de Est\u00edmulo a las Ediciones Literarias Cordobesas,\u00a0la legisladora Graciela Brarda hizo entrega, en la Sede\u00a0Este del Gobierno de C\u00f3rdoba, de una importante cantidad de libros a distintas\u00a0bibliotecas populares.\u00a0<\/p>\n\n\n\n<p>En el discurso, Brarda expres\u00f3 su satisfacci\u00f3n de haber logrado, en\u00a0estos a\u00f1os, el objetivo\u00a0que se propuso cuando asumi\u00f3 su cargo, <em>&#8220;la ayuda solidaria y desinteresada hacia la cultura y la sociedad de nuestro querido Departamento San Justo&#8221;<\/em>.<\/p>\n\n\n\n<p>En la oportunidad, la Biblioteca Municipal Popular Almafuerte se hab\u00eda\u00a0 inscrito en el programa mencionado y, por ello, recibi\u00f3 104 libros y dos CD infantiles de distintos g\u00e9neros literarios y orientados a diferentes edades.<\/p>\n\n\n\n<p>La tem\u00e1tica es variada, sobre todo en contenidos referentes a\u00a0nuestra zona y cuyos autores\u00a0son conocedores de\u00a0la provincia de C\u00f3rdoba. <\/p>\n\n\n\n<p><em>&#8220;Queremos destacar\u00a0que este\u00a0Programa se comprometi\u00f3 a difundir el esfuerzo y el trabajo de los escritores y editoriales locales y a beneficiar a las Biblioteca Populares\u00a0que trabajan a pulm\u00f3n d\u00eda\u00a0a d\u00eda&#8221;<\/em>, se\u00f1alaron al respecto, desde la dependencia local. <\/p>\n\n\n\n<p>Fuente: Prensa Municipal.<\/p>\n","protected":false},"excerpt":{"rendered":"<p>Fue a trav\u00e9s del Programa de Est\u00edmulo a las Ediciones Literarias Cordobesas, que otorg\u00f3 t\u00edtulos a distintas bibliotecas populares. El&hellip;<\/p>\n","protected":false},"author":3,"featured_media":6620,"comment_status":"closed","ping_status":"open","sticky":false,"template":"","format":"standard","meta":{"footnotes":""},"categories":[2],"tags":[66,67,836,117,886,492,572],"class_list":["post-6619","post","type-post","status-publish","format-standard","has-post-thumbnail","hentry","category-cultura-y-espectaculos","tag-arroyito","tag-arroyito-cordoba","tag-arroyito-online","tag-biblioteca","tag-biblioteca-municipal-popular-almafuerte","tag-libros","tag-noticias-de-arroyito-y-zona"],"_links":{"self":[{"href":"https:\/\/arroyitoonline.com.ar\/index.php?rest_route=\/wp\/v2\/posts\/6619","targetHints":{"allow":["GET"]}}],"collection":[{"href":"https:\/\/arroyitoonline.com.ar\/index.php?rest_route=\/wp\/v2\/posts"}],"about":[{"href":"https:\/\/arroyitoonline.com.ar\/index.php?rest_route=\/wp\/v2\/types\/post"}],"author":[{"embeddable":true,"href":"https:\/\/arroyitoonline.com.ar\/index.php?rest_route=\/wp\/v2\/users\/3"}],"replies":[{"embeddable":true,"href":"https:\/\/arroyitoonline.com.ar\/index.php?rest_route=%2Fwp%2Fv2%2Fcomments&post=6619"}],"version-history":[{"count":1,"href":"https:\/\/arroyitoonline.com.ar\/index.php?rest_route=\/wp\/v2\/posts\/6619\/revisions"}],"predecessor-version":[{"id":6621,"href":"https:\/\/arroyitoonline.com.ar\/index.php?rest_route=\/wp\/v2\/posts\/6619\/revisions\/6621"}],"wp:featuredmedia":[{"embeddable":true,"href":"https:\/\/arroyitoonline.com.ar\/index.php?rest_route=\/wp\/v2\/media\/6620"}],"wp:attachment":[{"href":"https:\/\/arroyitoonline.com.ar\/index.php?rest_route=%2Fwp%2Fv2%2Fmedia&parent=6619"}],"wp:term":[{"taxonomy":"category","embeddable":true,"href":"https:\/\/arroyitoonline.com.ar\/index.php?rest_route=%2Fwp%2Fv2%2Fcategories&post=6619"},{"taxonomy":"post_tag","embeddable":true,"href":"https:\/\/arroyitoonline.com.ar\/index.php?rest_route=%2Fwp%2Fv2%2Ftags&post=6619"}],"curies":[{"name":"wp","href":"https:\/\/api.w.org\/{rel}","templated":true}]}}