{"id":6635,"date":"2019-11-28T12:34:55","date_gmt":"2019-11-28T12:34:55","guid":{"rendered":"https:\/\/arroyitoonline.com.ar\/?p=6635"},"modified":"2019-11-28T12:35:00","modified_gmt":"2019-11-28T12:35:00","slug":"arroyito-siete-personas-quedarian-sin-trabajo-por-el-cierre-de-ribeiro","status":"publish","type":"post","link":"https:\/\/arroyitoonline.com.ar\/?p=6635","title":{"rendered":"Arroyito: siete personas quedar\u00edan sin trabajo por el cierre de Ribeiro"},"content":{"rendered":"\n<p><strong>Los empleados llegaron esta ma\u00f1ana y se desayunaron con la noticia. El gerente tuvo que informarles, pero admiti\u00f3 que no tiene ninguna explicaci\u00f3n. <\/strong><\/p>\n\n\n\n<p>Esta ma\u00f1ana, Arroyito amaneci\u00f3 con las persianas bajas de un nuevo comercio. La sucursal local de <strong>Minicuotas Ribeiro<\/strong> \u2013Rivadavia esquina Av. Fulvio Pagani- empapel\u00f3 la fachada informando, en un escueto comunicado pegado en una de sus vidrieras, que <em>\u201cA partir de la fecha esta sucursal PERMANECER\u00c1 CERRADA. Pueden seguir comprando en nuestras sucursales o por www.ribeiro.com.ar\u201d<\/em>. La noticia fue comunicada por Ok FM Arroyito 95.5, a trav\u00e9s de un m\u00f3vil de exteriores realizado por Roberto Bazzi, en la puerta del lugar.<\/p>\n\n\n\n<figure class=\"wp-block-image\"><img loading=\"lazy\" decoding=\"async\" width=\"720\" height=\"626\" src=\"https:\/\/arroyitoonline.com.ar\/wp-content\/uploads\/2019\/11\/comunicado-cierre-ribeiro.jpg\" alt=\"\" class=\"wp-image-6637\" srcset=\"https:\/\/arroyitoonline.com.ar\/wp-content\/uploads\/2019\/11\/comunicado-cierre-ribeiro.jpg 720w, https:\/\/arroyitoonline.com.ar\/wp-content\/uploads\/2019\/11\/comunicado-cierre-ribeiro-300x261.jpg 300w\" sizes=\"auto, (max-width: 720px) 100vw, 720px\" \/><figcaption><em>El escueto comunicado de la empresa, que apareci\u00f3 esta ma\u00f1ana en las vidrieras empapeladas<\/em><\/figcaption><\/figure>\n\n\n\n<p>A su llegada, el periodista encontr\u00f3 a los siete empleados\ny dialog\u00f3 al respecto con el gerente, Cristian Buttigliero, que fue quien debi\u00f3\ninformarles la lamentable decisi\u00f3n de la firma, a sus compa\u00f1eros. &nbsp;<\/p>\n\n\n\n<p><em>\u201cNos han avisado\nhoy a la ma\u00f1ana que la sucursal cerr\u00f3. Hemos venido a presentarnos como todos\nlos d\u00edas. Ya veremos c\u00f3mo sigue. Por el momento no hay ninguna explicaci\u00f3n.\nCada uno de los empleados, todos con familias, tomar\u00e1 la decisi\u00f3n que\ncorresponda. El \u00fanico que puede entrar soy yo, el gerente, y el resto ya est\u00e1\ndesvinculado. Es una situaci\u00f3n dif\u00edcil darles esta noticia sin ninguna\nexplicaci\u00f3n\u201d<\/em>, remarc\u00f3 Buttigliero a Bazzi. <\/p>\n\n\n\n<p>Cinco de los trabajadores tienen nueve a\u00f1os de\nantig\u00fcedad, el tiempo que la empresa llevaba radicada en Arroyito, y los otros,\nentre dos y tres a\u00f1os. <\/p>\n\n\n\n<p>El cierre de Minicuotas Ribeiro profundiza la crisis\ncomercial que ya es notoria en Arroyito, y se suma a la bajada de persianas de\nVidal Hogar, ambos negocios del rubro electrodom\u00e9sticos. <\/p>\n\n\n\n<p><strong>La situaci\u00f3n de\nRibeiro a nivel nacional<\/strong><\/p>\n\n\n\n<p>A punto de\ncumplir 110 a\u00f1os de historia, hace casi seis meses que&nbsp;<strong>pidi\u00f3 el\nprocedimiento preventivo<\/strong>&nbsp;de crisis y no frena el cierre de\nlocales.&nbsp;En octubre y noviembre\nhab\u00eda bajado las persianas de los locales de Dean Funes, Charata, Villa\nConstituci\u00f3n, Ramallo, Santa Rosa La Pampa, Las Varillas, Casilda, Arrecifes,\nSan Nicol\u00e1s, Resistencia, Sa\u00e9nz Pe\u00f1a y Flores.<\/p>\n\n\n\n<p><strong>Desde enero paga los sueldos en cuotas<\/strong>\u00a0y, hace pocos d\u00edas, sald\u00f3 los sueldos de agosto. Debe los salarios de septiembre y octubre y parte del aguinaldo. Seg\u00fan inform\u00f3 <strong>BAE Negocios<\/strong>, afectada por la ca\u00edda del consumo, los ingresos de su \u00faltimo balance anual pasaron de $11.000 millones en junio 2018 a los $5.400 millones en el mismo mes de este a\u00f1o. A esto se suma una p\u00e9rdida anual de $1.378 millones. Ya ten\u00eda acumulado un resultado negativo de $190,6 millones. <\/p>\n\n\n\n<p><strong>Agradecemos a Diego Griffa y Roberto Bazzi (Ok FM Arroyito 95.5).<\/strong><\/p>\n","protected":false},"excerpt":{"rendered":"<p>Los empleados llegaron esta ma\u00f1ana y se desayunaron con la noticia. El gerente tuvo que informarles, pero admiti\u00f3 que no&hellip;<\/p>\n","protected":false},"author":3,"featured_media":6636,"comment_status":"closed","ping_status":"open","sticky":false,"template":"","format":"standard","meta":{"footnotes":""},"categories":[996],"tags":[66,67,836,217,855,309,572],"class_list":["post-6635","post","type-post","status-publish","format-standard","has-post-thumbnail","hentry","category-comercio","tag-arroyito","tag-arroyito-cordoba","tag-arroyito-online","tag-comercio","tag-crisis","tag-economia","tag-noticias-de-arroyito-y-zona"],"_links":{"self":[{"href":"https:\/\/arroyitoonline.com.ar\/index.php?rest_route=\/wp\/v2\/posts\/6635","targetHints":{"allow":["GET"]}}],"collection":[{"href":"https:\/\/arroyitoonline.com.ar\/index.php?rest_route=\/wp\/v2\/posts"}],"about":[{"href":"https:\/\/arroyitoonline.com.ar\/index.php?rest_route=\/wp\/v2\/types\/post"}],"author":[{"embeddable":true,"href":"https:\/\/arroyitoonline.com.ar\/index.php?rest_route=\/wp\/v2\/users\/3"}],"replies":[{"embeddable":true,"href":"https:\/\/arroyitoonline.com.ar\/index.php?rest_route=%2Fwp%2Fv2%2Fcomments&post=6635"}],"version-history":[{"count":1,"href":"https:\/\/arroyitoonline.com.ar\/index.php?rest_route=\/wp\/v2\/posts\/6635\/revisions"}],"predecessor-version":[{"id":6638,"href":"https:\/\/arroyitoonline.com.ar\/index.php?rest_route=\/wp\/v2\/posts\/6635\/revisions\/6638"}],"wp:featuredmedia":[{"embeddable":true,"href":"https:\/\/arroyitoonline.com.ar\/index.php?rest_route=\/wp\/v2\/media\/6636"}],"wp:attachment":[{"href":"https:\/\/arroyitoonline.com.ar\/index.php?rest_route=%2Fwp%2Fv2%2Fmedia&parent=6635"}],"wp:term":[{"taxonomy":"category","embeddable":true,"href":"https:\/\/arroyitoonline.com.ar\/index.php?rest_route=%2Fwp%2Fv2%2Fcategories&post=6635"},{"taxonomy":"post_tag","embeddable":true,"href":"https:\/\/arroyitoonline.com.ar\/index.php?rest_route=%2Fwp%2Fv2%2Ftags&post=6635"}],"curies":[{"name":"wp","href":"https:\/\/api.w.org\/{rel}","templated":true}]}}