{"id":6648,"date":"2019-11-29T13:33:35","date_gmt":"2019-11-29T13:33:35","guid":{"rendered":"https:\/\/arroyitoonline.com.ar\/?p=6648"},"modified":"2019-11-29T13:33:37","modified_gmt":"2019-11-29T13:33:37","slug":"arroyito-cuenta-cierra-actividades-anuales-en-la-plaza-andresito-gil","status":"publish","type":"post","link":"https:\/\/arroyitoonline.com.ar\/?p=6648","title":{"rendered":"Arroyito Cuenta cierra actividades anuales en la Plaza Andresito Gil"},"content":{"rendered":"\n<p><strong>A la propuesta l\u00fadica centrada en la literatura, esta vez se suman otras alternativas para jugar con la palabra. <\/strong><\/p>\n\n\n\n<p>Como cierre de las Rondas de Cuentos, que vienen organizando un domingo por mes en la plazoleta Andresito Gil (Sa\u00e9nz Pe\u00f1a esquina Tom\u00e1s Ju\u00e1rez), este domingo 1 de diciembre el grupo de narradoras locales Arroyito Cuenta se presenta con un programa especial a partir de las 17:00. Las integrantes del grupo son: Norma Gudi\u00f1o, Mariana Italiano, Susi Ruiz Zaya, Valentina Cerda Rodr\u00edguez y Vivi Ruzzi. <\/p>\n\n\n\n<figure class=\"wp-block-image\"><img loading=\"lazy\" decoding=\"async\" width=\"754\" height=\"424\" src=\"https:\/\/arroyitoonline.com.ar\/wp-content\/uploads\/2019\/11\/arroyito-cuenta-2.jpg\" alt=\"\" class=\"wp-image-6650\" srcset=\"https:\/\/arroyitoonline.com.ar\/wp-content\/uploads\/2019\/11\/arroyito-cuenta-2.jpg 754w, https:\/\/arroyitoonline.com.ar\/wp-content\/uploads\/2019\/11\/arroyito-cuenta-2-300x169.jpg 300w\" sizes=\"auto, (max-width: 754px) 100vw, 754px\" \/><\/figure>\n\n\n\n<p>Se trata, como siempre, de una propuesta l\u00fadica centrada en la literatura; pero en esta oportunidad con renovados escenarios: a las estaciones de lectura de cuentos y narraci\u00f3n oral, se suman libros en vuelo, PUP (peque\u00f1os universos port\u00e1tiles) y otras tantas alternativas para jugar con la palabra.<\/p>\n\n\n\n<p>La invitaci\u00f3n es para toda la familia, para disfrutar de la plaza, de buenos momentos acompa\u00f1ados de poes\u00eda y de cuentos. <\/p>\n","protected":false},"excerpt":{"rendered":"<p>A la propuesta l\u00fadica centrada en la literatura, esta vez se suman otras alternativas para jugar con la palabra. Como&hellip;<\/p>\n","protected":false},"author":3,"featured_media":6649,"comment_status":"closed","ping_status":"open","sticky":false,"template":"","format":"standard","meta":{"footnotes":""},"categories":[962],"tags":[66,67,1037,836,492,570,572],"class_list":["post-6648","post","type-post","status-publish","format-standard","has-post-thumbnail","hentry","category-ninez-y-adolescencia","tag-arroyito","tag-arroyito-cordoba","tag-arroyito-cuenta","tag-arroyito-online","tag-libros","tag-ninez","tag-noticias-de-arroyito-y-zona"],"_links":{"self":[{"href":"https:\/\/arroyitoonline.com.ar\/index.php?rest_route=\/wp\/v2\/posts\/6648","targetHints":{"allow":["GET"]}}],"collection":[{"href":"https:\/\/arroyitoonline.com.ar\/index.php?rest_route=\/wp\/v2\/posts"}],"about":[{"href":"https:\/\/arroyitoonline.com.ar\/index.php?rest_route=\/wp\/v2\/types\/post"}],"author":[{"embeddable":true,"href":"https:\/\/arroyitoonline.com.ar\/index.php?rest_route=\/wp\/v2\/users\/3"}],"replies":[{"embeddable":true,"href":"https:\/\/arroyitoonline.com.ar\/index.php?rest_route=%2Fwp%2Fv2%2Fcomments&post=6648"}],"version-history":[{"count":1,"href":"https:\/\/arroyitoonline.com.ar\/index.php?rest_route=\/wp\/v2\/posts\/6648\/revisions"}],"predecessor-version":[{"id":6651,"href":"https:\/\/arroyitoonline.com.ar\/index.php?rest_route=\/wp\/v2\/posts\/6648\/revisions\/6651"}],"wp:featuredmedia":[{"embeddable":true,"href":"https:\/\/arroyitoonline.com.ar\/index.php?rest_route=\/wp\/v2\/media\/6649"}],"wp:attachment":[{"href":"https:\/\/arroyitoonline.com.ar\/index.php?rest_route=%2Fwp%2Fv2%2Fmedia&parent=6648"}],"wp:term":[{"taxonomy":"category","embeddable":true,"href":"https:\/\/arroyitoonline.com.ar\/index.php?rest_route=%2Fwp%2Fv2%2Fcategories&post=6648"},{"taxonomy":"post_tag","embeddable":true,"href":"https:\/\/arroyitoonline.com.ar\/index.php?rest_route=%2Fwp%2Fv2%2Ftags&post=6648"}],"curies":[{"name":"wp","href":"https:\/\/api.w.org\/{rel}","templated":true}]}}