{"id":6652,"date":"2019-11-29T14:29:42","date_gmt":"2019-11-29T14:29:42","guid":{"rendered":"https:\/\/arroyitoonline.com.ar\/?p=6652"},"modified":"2019-11-29T14:43:33","modified_gmt":"2019-11-29T14:43:33","slug":"julian-taborda-es-el-nuevo-delegado-del-cispren-arroyito","status":"publish","type":"post","link":"https:\/\/arroyitoonline.com.ar\/?p=6652","title":{"rendered":"Juli\u00e1n Taborda es el nuevo delegado del Cispren Arroyito"},"content":{"rendered":"\n<p><strong>Con una masiva concurrencia a la sede de la cooperativa Cotramaa, result\u00f3 electo por abrumadora mayor\u00eda el cronista de Canal 3.<\/strong><\/p>\n\n\n\n<p>El C\u00edrculo Sindical de la Prensa y la Comunicaci\u00f3n de C\u00f3rdoba (Cispren) realiz\u00f3, ayer por la tarde, la elecci\u00f3n del delegado regional de Arroyito.<br><\/p>\n\n\n\n<p>Con una masiva concurrencia a la sede de la cooperativa Cotramaa, donde se desarroll\u00f3 la elecci\u00f3n, result\u00f3 electo por abrumadora mayor\u00eda el cronista Juli\u00e1n Taborda, trabajador de Canal 3, medio cooperativo de la Cespal.<\/p>\n\n\n\n<p>Luego de concretado el sufragio, el flamante delegado tuvo su primera acci\u00f3n gremial y, junto a un grupo de trabajadores de prensa, se traslad\u00f3 hasta la firma comercial Ribeiro para brindar la solidaridad del Cispren con las familias de los seis trabajadores que resisten al vaciamiento empresario que encabeza esa patronal.<\/p>\n\n\n\n<p>Taborda traslad\u00f3 a los trabajadores la necesidad de que permanezcan unidos en este conflicto que amenaza con la p\u00e9rdida de los puestos de trabajo y puso a disposici\u00f3n de los trabajadores todas las herramientas legales y gremiales de la CTA Aut\u00f3noma, organizaci\u00f3n mayor a la que pertenece el Cispren y la firme convicci\u00f3n de que no est\u00e1n solos.<\/p>\n\n\n\n<p>Sobre el final y de nuevo entre los trabajadores de prensa, el periodista deportivo se comprometi\u00f3 a liderar <em>&#8220;un sindicato de puertas abiertas, donde los trabajadores, ya sean formales, autogestionados o precarizados, tengan las mismas posibilidades de desempe\u00f1arse en forma id\u00f3nea en los medios&#8221;<\/em>, a la vez que reafirm\u00f3 <em>&#8220;el inter\u00e9s del Cispren en articular con otros sindicatos y organizaciones sociales para que Arroyito tenga una pol\u00edtica comunicacional al servicio de las mayor\u00edas&#8221;<\/em>. <\/p>\n\n\n\n<p>Fuente: FM Cooperativa 91.3.<\/p>\n","protected":false},"excerpt":{"rendered":"<p>Con una masiva concurrencia a la sede de la cooperativa Cotramaa, result\u00f3 electo por abrumadora mayor\u00eda el cronista de Canal&hellip;<\/p>\n","protected":false},"author":3,"featured_media":6657,"comment_status":"closed","ping_status":"open","sticky":false,"template":"","format":"standard","meta":{"footnotes":""},"categories":[926],"tags":[66,67,836,407,572,613,927,735,736],"class_list":["post-6652","post","type-post","status-publish","format-standard","has-post-thumbnail","hentry","category-sindicales","tag-arroyito","tag-arroyito-cordoba","tag-arroyito-online","tag-gremios","tag-noticias-de-arroyito-y-zona","tag-periodista","tag-sindicales-online","tag-sindicato","tag-sindicatos"],"_links":{"self":[{"href":"https:\/\/arroyitoonline.com.ar\/index.php?rest_route=\/wp\/v2\/posts\/6652","targetHints":{"allow":["GET"]}}],"collection":[{"href":"https:\/\/arroyitoonline.com.ar\/index.php?rest_route=\/wp\/v2\/posts"}],"about":[{"href":"https:\/\/arroyitoonline.com.ar\/index.php?rest_route=\/wp\/v2\/types\/post"}],"author":[{"embeddable":true,"href":"https:\/\/arroyitoonline.com.ar\/index.php?rest_route=\/wp\/v2\/users\/3"}],"replies":[{"embeddable":true,"href":"https:\/\/arroyitoonline.com.ar\/index.php?rest_route=%2Fwp%2Fv2%2Fcomments&post=6652"}],"version-history":[{"count":2,"href":"https:\/\/arroyitoonline.com.ar\/index.php?rest_route=\/wp\/v2\/posts\/6652\/revisions"}],"predecessor-version":[{"id":6658,"href":"https:\/\/arroyitoonline.com.ar\/index.php?rest_route=\/wp\/v2\/posts\/6652\/revisions\/6658"}],"wp:featuredmedia":[{"embeddable":true,"href":"https:\/\/arroyitoonline.com.ar\/index.php?rest_route=\/wp\/v2\/media\/6657"}],"wp:attachment":[{"href":"https:\/\/arroyitoonline.com.ar\/index.php?rest_route=%2Fwp%2Fv2%2Fmedia&parent=6652"}],"wp:term":[{"taxonomy":"category","embeddable":true,"href":"https:\/\/arroyitoonline.com.ar\/index.php?rest_route=%2Fwp%2Fv2%2Fcategories&post=6652"},{"taxonomy":"post_tag","embeddable":true,"href":"https:\/\/arroyitoonline.com.ar\/index.php?rest_route=%2Fwp%2Fv2%2Ftags&post=6652"}],"curies":[{"name":"wp","href":"https:\/\/api.w.org\/{rel}","templated":true}]}}