{"id":6667,"date":"2019-12-01T02:45:55","date_gmt":"2019-12-01T02:45:55","guid":{"rendered":"https:\/\/arroyitoonline.com.ar\/?p=6667"},"modified":"2019-12-01T02:55:30","modified_gmt":"2019-12-01T02:55:30","slug":"empleados-de-ribeiro-cumplieron-60-horas-de-acampe-frente-a-la-sucursal-cerrada","status":"publish","type":"post","link":"https:\/\/arroyitoonline.com.ar\/?p=6667","title":{"rendered":"Empleados de Ribeiro cumplieron 60 horas de acampe frente a la sucursal cerrada"},"content":{"rendered":"\n<p><strong>En di\u00e1logo exclusivo con Arroyito Online, los seis trabajadores agradecieron a los vecinos que no los dejan solos y lamentaron que el Sindicato de Empleados de Comercio<\/strong><em><strong> &#8220;nos dio la espalda&#8221;<\/strong><\/em><strong>. <\/strong><\/p>\n\n\n\n<p>Esta noche a las 21:00 horas, los empleados de Minicuotas Ribeiro\ncumplieron 60 horas de acampe afuera de la sucursal de Arroyito, que cerr\u00f3 sus\npuertas el jueves pasado dejando sin sustento econ\u00f3mico a seis familias\nde nuestra ciudad.<\/p>\n\n\n\n<p>Los trabajadores, que se desayunaron con la noticia cuando fueron a cumplir tareas de manera habitual, permanecen desde el mismo jueves a las 9:00 horas, en custodia de la mercader\u00eda que se encuentra dentro del lugar, ya acomodada en palets y lista para ser retirada. Temen que cuando eso suceda, la patronal ya no les dar\u00e1 la oportunidad de negociar lo que les corresponde.<\/p>\n\n\n\n<p>Aunque se vive un triste panorama colmado de incertidumbre por la falta de\nrespuestas, los damnificados no est\u00e1n solos. Sus familiares comparten la\nvigilia y se turnan con ellos para pasar cada hora de los d\u00edas y las noches. Adem\u00e1s,\nse suman los vecinos comunes que, enterados de la situaci\u00f3n, los visitan\nllev\u00e1ndoles comidas y bebidas y ofreci\u00e9ndoles ayuda. <\/p>\n\n\n\n<p>Sin ir m\u00e1s lejos, esta noche aparecieron empleados del supermercado Almacor con una pata flambeada para la cena. Los comerciantes de la zona se solidarizan prest\u00e1ndoles los ba\u00f1os y acerc\u00e1ndoles agua caliente para el mate. La carpa que ahora se ve en las fotos est\u00e1 para uno de los chicos, que es de Tr\u00e1nsito y que, para no volverse siempre, duerme ah\u00ed algunas horas. <\/p>\n\n\n\n<p>El intendente saliente, Mauricio Cravero, estuvo con los trabajadores poni\u00e9ndose a su disposici\u00f3n. Lo propio hizo el electo primer mandatario, Gustavo Benedetti, quien ofreci\u00f3 apoyo para la causa. La Polic\u00eda, en nombre del comisario Pablo Berardo, les garantiz\u00f3 la seguridad y la tranquilidad mientras dure el acampe. <\/p>\n\n\n\n<p>En este marco, Diego Arce, empleado de nueve a\u00f1os de antig\u00fcedad, dialog\u00f3 en forma exclusiva con <strong>Arroyito Online<\/strong>. Coment\u00f3 que, de la compa\u00f1\u00eda, solo los visit\u00f3 el gerente regional con la copia de un acuerdo <em>&#8220;que no habla de indemnizaci\u00f3n&#8221;<\/em>, teniendo en cuenta que a\u00fan les deben la liquidaci\u00f3n final (el mes de noviembre, el aguinaldo y las vacaciones).<\/p>\n\n\n\n<p>Por su parte, el martes 3 de diciembre a las 12:00 horas asistir\u00e1n a una audiencia con la empresa, que se realizar\u00e1 en la sede local del Ministerio de Trabajo. All\u00ed se dirigir\u00e1n los seis, pero dejar\u00e1n amigos y conocidos, que seguir\u00e1n con el acampe. <\/p>\n\n\n\n<p>Pero, lo m\u00e1s llamativo de sus palabras, fue en referencia al gremio que los contiene \u2013o que deber\u00eda hacerlo-: <em>\u201cel Sindicato de Empleados de Comercio nos dio la espalda\u201d<\/em>, explic\u00f3 Diego, y desminti\u00f3 algunas de las <a href=\"https:\/\/www.radiocanal.com.ar\/noticia\/no-se-olviden-que-detras-de-los-6-empleados-de-arroyito-hay-6-familias-113514\">declaraciones de su secretario General<\/a>, Oscar Fagioli, en Radio San Francisco AM 1050. <\/p>\n\n\n\n<p>En esa entrevista, Fagioli hab\u00eda dicho que <em>\u201csi bien es zona de jurisdicci\u00f3n del sindicato\u201d<\/em>,&nbsp;no trabajan ah\u00ed&nbsp;\u201cporque a lo mejor el personal quer\u00eda trabajar por su cuenta\u201d, pero que \u201cel problema no es ser afiliado o no\u201d, entonces&nbsp;fueron all\u00e1 y se present\u00f3 s\u00f3lo un empleado.<\/p>\n\n\n\n<p><em>\u201cAc\u00e1 no vino nadie porque nos dijeron que nosotros no estamos afiliados\u201d<\/em>, remarc\u00f3 Diego contradiciendo al gremialista y lamentando que otros sindicatos, como los de Prensa y Alimentaci\u00f3n, s\u00ed se presentaron brindando su apoyo, no as\u00ed el de Comercio. <\/p>\n","protected":false},"excerpt":{"rendered":"<p>En di\u00e1logo exclusivo con Arroyito Online, los seis trabajadores agradecieron a los vecinos que no los dejan solos y lamentaron&hellip;<\/p>\n","protected":false},"author":3,"featured_media":6668,"comment_status":"closed","ping_status":"open","sticky":false,"template":"","format":"standard","meta":{"footnotes":""},"categories":[996],"tags":[66,67,836,217,883,537,572,768],"class_list":["post-6667","post","type-post","status-publish","format-standard","has-post-thumbnail","hentry","category-comercio","tag-arroyito","tag-arroyito-cordoba","tag-arroyito-online","tag-comercio","tag-desocupados","tag-ministerio-de-trabajo","tag-noticias-de-arroyito-y-zona","tag-trabajo"],"_links":{"self":[{"href":"https:\/\/arroyitoonline.com.ar\/index.php?rest_route=\/wp\/v2\/posts\/6667","targetHints":{"allow":["GET"]}}],"collection":[{"href":"https:\/\/arroyitoonline.com.ar\/index.php?rest_route=\/wp\/v2\/posts"}],"about":[{"href":"https:\/\/arroyitoonline.com.ar\/index.php?rest_route=\/wp\/v2\/types\/post"}],"author":[{"embeddable":true,"href":"https:\/\/arroyitoonline.com.ar\/index.php?rest_route=\/wp\/v2\/users\/3"}],"replies":[{"embeddable":true,"href":"https:\/\/arroyitoonline.com.ar\/index.php?rest_route=%2Fwp%2Fv2%2Fcomments&post=6667"}],"version-history":[{"count":4,"href":"https:\/\/arroyitoonline.com.ar\/index.php?rest_route=\/wp\/v2\/posts\/6667\/revisions"}],"predecessor-version":[{"id":6673,"href":"https:\/\/arroyitoonline.com.ar\/index.php?rest_route=\/wp\/v2\/posts\/6667\/revisions\/6673"}],"wp:featuredmedia":[{"embeddable":true,"href":"https:\/\/arroyitoonline.com.ar\/index.php?rest_route=\/wp\/v2\/media\/6668"}],"wp:attachment":[{"href":"https:\/\/arroyitoonline.com.ar\/index.php?rest_route=%2Fwp%2Fv2%2Fmedia&parent=6667"}],"wp:term":[{"taxonomy":"category","embeddable":true,"href":"https:\/\/arroyitoonline.com.ar\/index.php?rest_route=%2Fwp%2Fv2%2Fcategories&post=6667"},{"taxonomy":"post_tag","embeddable":true,"href":"https:\/\/arroyitoonline.com.ar\/index.php?rest_route=%2Fwp%2Fv2%2Ftags&post=6667"}],"curies":[{"name":"wp","href":"https:\/\/api.w.org\/{rel}","templated":true}]}}