{"id":6681,"date":"2019-12-02T03:28:18","date_gmt":"2019-12-02T03:28:18","guid":{"rendered":"https:\/\/arroyitoonline.com.ar\/?p=6681"},"modified":"2019-12-02T11:33:38","modified_gmt":"2019-12-02T11:33:38","slug":"profundo-dolor-por-el-fallecimiento-del-medico-emilio-petraglia","status":"publish","type":"post","link":"https:\/\/arroyitoonline.com.ar\/?p=6681","title":{"rendered":"Profundo dolor por el fallecimiento del m\u00e9dico Emilio Petraglia"},"content":{"rendered":"\n<p><strong>El querido y respetado galeno, con ampl\u00edsima trayectoria, muri\u00f3 a los 73 a\u00f1os. <\/strong><\/p>\n\n\n\n<p>El mes de diciembre comenz\u00f3 con una triste noticia. Hace algunas horas falleci\u00f3 el m\u00e9dico cl\u00ednico y ginec\u00f3logo Emilio Alberto Petraglia. El querido y respetado galeno, con ampl\u00edsima trayectoria, muri\u00f3 a los 73 a\u00f1os. <\/p>\n\n\n\n<p>Tras conocerse la noticia comenzaron a aparecer mensajes en las redes sociales, recordando su incansable labor al servicio de la profesi\u00f3n, siempre cercano a sus pacientes, a quienes supo atender con sensibilidad y humanidad. <\/p>\n\n\n\n<figure><iframe loading=\"lazy\" src=\"https:\/\/www.facebook.com\/plugins\/post.php?href=https%3A%2F%2Fwww.facebook.com%2Fanalia.giordano.102%2Fposts%2F1467445780086814%3A1&amp;width=500\" width=\"500\" height=\"687\"><\/iframe><\/figure>\n\n\n\n<figure><iframe loading=\"lazy\" src=\"https:\/\/www.facebook.com\/plugins\/post.php?href=https%3A%2F%2Fwww.facebook.com%2Fpermalink.php%3Fstory_fbid%3D155084229196346%26id%3D100891901282246&amp;width=500\" width=\"500\" height=\"503\"><\/iframe><\/figure>\n\n\n\n<p>Los restos mortales de Emilio Petraglia son velados en salas de Av. Mariano Moreno esquina Rafael Bianchi. El sepelio ser\u00e1 este lunes a las 16:30 horas en el Crematorio Virgen de la Merced (Toledo, C\u00f3rdoba), previo oficio religioso de cuerpo presente en la Parroquia Nuestra Se\u00f1ora de la Merced.<\/p>\n\n\n\n<p>Sus familiares han pedido que no se env\u00eden flores, y agradecen las donaciones al Hospital Municipal Carlos J. Rodr\u00edguez. <\/p>\n","protected":false},"excerpt":{"rendered":"<p>El querido y respetado galeno, con ampl\u00edsima trayectoria, muri\u00f3 a los 73 a\u00f1os. El mes de diciembre comenz\u00f3 con una&hellip;<\/p>\n","protected":false},"author":3,"featured_media":6682,"comment_status":"closed","ping_status":"open","sticky":false,"template":"","format":"standard","meta":{"footnotes":""},"categories":[900],"tags":[66,67,836,426,548,571,572],"class_list":["post-6681","post","type-post","status-publish","format-standard","has-post-thumbnail","hentry","category-noticias","tag-arroyito","tag-arroyito-cordoba","tag-arroyito-online","tag-hospital","tag-muerte","tag-noticia","tag-noticias-de-arroyito-y-zona"],"_links":{"self":[{"href":"https:\/\/arroyitoonline.com.ar\/index.php?rest_route=\/wp\/v2\/posts\/6681","targetHints":{"allow":["GET"]}}],"collection":[{"href":"https:\/\/arroyitoonline.com.ar\/index.php?rest_route=\/wp\/v2\/posts"}],"about":[{"href":"https:\/\/arroyitoonline.com.ar\/index.php?rest_route=\/wp\/v2\/types\/post"}],"author":[{"embeddable":true,"href":"https:\/\/arroyitoonline.com.ar\/index.php?rest_route=\/wp\/v2\/users\/3"}],"replies":[{"embeddable":true,"href":"https:\/\/arroyitoonline.com.ar\/index.php?rest_route=%2Fwp%2Fv2%2Fcomments&post=6681"}],"version-history":[{"count":2,"href":"https:\/\/arroyitoonline.com.ar\/index.php?rest_route=\/wp\/v2\/posts\/6681\/revisions"}],"predecessor-version":[{"id":6684,"href":"https:\/\/arroyitoonline.com.ar\/index.php?rest_route=\/wp\/v2\/posts\/6681\/revisions\/6684"}],"wp:featuredmedia":[{"embeddable":true,"href":"https:\/\/arroyitoonline.com.ar\/index.php?rest_route=\/wp\/v2\/media\/6682"}],"wp:attachment":[{"href":"https:\/\/arroyitoonline.com.ar\/index.php?rest_route=%2Fwp%2Fv2%2Fmedia&parent=6681"}],"wp:term":[{"taxonomy":"category","embeddable":true,"href":"https:\/\/arroyitoonline.com.ar\/index.php?rest_route=%2Fwp%2Fv2%2Fcategories&post=6681"},{"taxonomy":"post_tag","embeddable":true,"href":"https:\/\/arroyitoonline.com.ar\/index.php?rest_route=%2Fwp%2Fv2%2Ftags&post=6681"}],"curies":[{"name":"wp","href":"https:\/\/api.w.org\/{rel}","templated":true}]}}