{"id":6707,"date":"2019-12-02T20:24:08","date_gmt":"2019-12-02T20:24:08","guid":{"rendered":"https:\/\/arroyitoonline.com.ar\/?p=6707"},"modified":"2019-12-02T20:24:13","modified_gmt":"2019-12-02T20:24:13","slug":"villa-concepcion-fallecio-un-joven-de-24-anos-que-iba-como-acompanante-en-una-moto","status":"publish","type":"post","link":"https:\/\/arroyitoonline.com.ar\/?p=6707","title":{"rendered":"Villa Concepci\u00f3n: falleci\u00f3 un joven de 24 a\u00f1os que iba como acompa\u00f1ante en una moto"},"content":{"rendered":"\n<p><strong>El rodado\u00a0impact\u00f3 contra un cable de fibra \u00f3ptica, el cual sobresal\u00eda de una camioneta que circulaba en sentido contrario. <\/strong><\/p>\n\n\n\n<p>Ayer a las 10:30 horas se produjo un siniestro vial en el acceso sur a Villa Concepci\u00f3n denominado &#8220;Los tres caminos&#8221;. <\/p>\n\n\n\n<p>En el lugar, la Polic\u00eda constat\u00f3 que una moto Guerrero Trip 110 cc color negra andaba por la ruta provincial 3, en sentido de sur a norte, ocupada por dos j\u00f3venes, el conductor de 17 y el acompa\u00f1ante de 24.<\/p>\n\n\n\n<p>Cuando llegaron al ingreso del pueblo, perdieron el control del rodado tras colisionar con una manguera de pl\u00e1stico usada para fibra \u00f3ptica, que sobresal\u00eda de la caja trasera de una Toyota Hilux blanca. En la camioneta iba un hombre (27) chaque\u00f1o, que circulaba en sentido contrario por la misma carretera. <\/p>\n\n\n\n<p>Como consecuencia de lo acontecido, los ocupantes de la moto cayeron a\nla carpeta asf\u00e1ltica. El conductor sufri\u00f3 escoriaciones leves, mientras que el\nacompa\u00f1ante perdi\u00f3 la vida.<\/p>\n\n\n\n<p>Al lugar lleg\u00f3 el servicio de emergencias local, que constat\u00f3 el deceso\ndel joven identificado como Sebasti\u00e1n Jos\u00e9 Merlo.<\/p>\n\n\n\n<p>Particip\u00f3 la Fiscal\u00eda de Instrucci\u00f3n de Arroyito solicitando la\ncolaboraci\u00f3n del personal de Polic\u00eda Cient\u00edfica de San Francisco quedando el\nconductor de la Hilux detenido a disposici\u00f3n de la Fiscal\u00eda. <\/p>\n\n\n\n<p>Fuentes: informe de la oficial Principal Jesica Paz \u2013 A cargo de la Base Operativa Sector Sur Suboficial Principal Gustavo Carlos D\u00edaz | El Peri\u00f3dico.<\/p>\n","protected":false},"excerpt":{"rendered":"<p>El rodado\u00a0impact\u00f3 contra un cable de fibra \u00f3ptica, el cual sobresal\u00eda de una camioneta que circulaba en sentido contrario. Ayer&hellip;<\/p>\n","protected":false},"author":3,"featured_media":6708,"comment_status":"closed","ping_status":"open","sticky":false,"template":"","format":"standard","meta":{"footnotes":""},"categories":[824],"tags":[22,66,67,836,471,547,548,572,635,637,638,825,737,803],"class_list":["post-6707","post","type-post","status-publish","format-standard","has-post-thumbnail","hentry","category-policiales-online","tag-accidente","tag-arroyito","tag-arroyito-cordoba","tag-arroyito-online","tag-jovenes","tag-motos","tag-muerte","tag-noticias-de-arroyito-y-zona","tag-policia","tag-policiales","tag-policiales-arroyito","tag-policiales-online","tag-siniestro-vial","tag-villa-concepcion-del-tio"],"_links":{"self":[{"href":"https:\/\/arroyitoonline.com.ar\/index.php?rest_route=\/wp\/v2\/posts\/6707","targetHints":{"allow":["GET"]}}],"collection":[{"href":"https:\/\/arroyitoonline.com.ar\/index.php?rest_route=\/wp\/v2\/posts"}],"about":[{"href":"https:\/\/arroyitoonline.com.ar\/index.php?rest_route=\/wp\/v2\/types\/post"}],"author":[{"embeddable":true,"href":"https:\/\/arroyitoonline.com.ar\/index.php?rest_route=\/wp\/v2\/users\/3"}],"replies":[{"embeddable":true,"href":"https:\/\/arroyitoonline.com.ar\/index.php?rest_route=%2Fwp%2Fv2%2Fcomments&post=6707"}],"version-history":[{"count":1,"href":"https:\/\/arroyitoonline.com.ar\/index.php?rest_route=\/wp\/v2\/posts\/6707\/revisions"}],"predecessor-version":[{"id":6709,"href":"https:\/\/arroyitoonline.com.ar\/index.php?rest_route=\/wp\/v2\/posts\/6707\/revisions\/6709"}],"wp:featuredmedia":[{"embeddable":true,"href":"https:\/\/arroyitoonline.com.ar\/index.php?rest_route=\/wp\/v2\/media\/6708"}],"wp:attachment":[{"href":"https:\/\/arroyitoonline.com.ar\/index.php?rest_route=%2Fwp%2Fv2%2Fmedia&parent=6707"}],"wp:term":[{"taxonomy":"category","embeddable":true,"href":"https:\/\/arroyitoonline.com.ar\/index.php?rest_route=%2Fwp%2Fv2%2Fcategories&post=6707"},{"taxonomy":"post_tag","embeddable":true,"href":"https:\/\/arroyitoonline.com.ar\/index.php?rest_route=%2Fwp%2Fv2%2Ftags&post=6707"}],"curies":[{"name":"wp","href":"https:\/\/api.w.org\/{rel}","templated":true}]}}