{"id":6729,"date":"2019-12-03T12:39:55","date_gmt":"2019-12-03T12:39:55","guid":{"rendered":"https:\/\/arroyitoonline.com.ar\/?p=6729"},"modified":"2019-12-03T12:39:57","modified_gmt":"2019-12-03T12:39:57","slug":"un-sujeto-que-ocasionaba-disturbios-fue-detenido-cuando-ataco-al-personal-policial","status":"publish","type":"post","link":"https:\/\/arroyitoonline.com.ar\/?p=6729","title":{"rendered":"Un sujeto que ocasionaba disturbios fue detenido cuando atac\u00f3 al personal policial"},"content":{"rendered":"\n<p><strong>Ocurri\u00f3 el s\u00e1bado a la madrugada. El hombre, de 35 a\u00f1os, qued\u00f3 alojado por supuesto autor del delito de resistencia a la autoridad.<\/strong><\/p>\n\n\n\n<p>El s\u00e1bado a las 5:45 horas, en la esquina de calle Lavalle y Av. Dalle Mura, un sujeto se encontraba ocasionando disturbios. <\/p>\n\n\n\n<p>La Polic\u00eda se dirigi\u00f3 al lugar y constat\u00f3 que este hombre agred\u00eda f\u00edsicamente a otro. Cuando el uniformado quiso reducirlo tambi\u00e9n comenz\u00f3 a atacarlo, por lo que fue trasladado a la Comisaria.<\/p>\n\n\n\n<p>Tiene 35 a\u00f1os y es de Arroyito. Qued\u00f3 alojado a disposici\u00f3n de la Fiscal\u00eda de Instrucci\u00f3n local. Permaneci\u00f3 detenido por supuesto autor del delito de resistencia a la autoridad.<\/p>\n\n\n\n<p>Fuente: informe de la oficial Principal Jesica Paz \u2013 A cargo de la Base\nOperativa Sector Sur Suboficial Principal Gustavo Carlos D\u00edaz. <\/p>\n","protected":false},"excerpt":{"rendered":"<p>Ocurri\u00f3 el s\u00e1bado a la madrugada. El hombre, de 35 a\u00f1os, qued\u00f3 alojado por supuesto autor del delito de resistencia&hellip;<\/p>\n","protected":false},"author":3,"featured_media":3993,"comment_status":"closed","ping_status":"open","sticky":false,"template":"","format":"standard","meta":{"footnotes":""},"categories":[824],"tags":[66,67,836,572,635,637,638,825],"class_list":["post-6729","post","type-post","status-publish","format-standard","has-post-thumbnail","hentry","category-policiales-online","tag-arroyito","tag-arroyito-cordoba","tag-arroyito-online","tag-noticias-de-arroyito-y-zona","tag-policia","tag-policiales","tag-policiales-arroyito","tag-policiales-online"],"_links":{"self":[{"href":"https:\/\/arroyitoonline.com.ar\/index.php?rest_route=\/wp\/v2\/posts\/6729","targetHints":{"allow":["GET"]}}],"collection":[{"href":"https:\/\/arroyitoonline.com.ar\/index.php?rest_route=\/wp\/v2\/posts"}],"about":[{"href":"https:\/\/arroyitoonline.com.ar\/index.php?rest_route=\/wp\/v2\/types\/post"}],"author":[{"embeddable":true,"href":"https:\/\/arroyitoonline.com.ar\/index.php?rest_route=\/wp\/v2\/users\/3"}],"replies":[{"embeddable":true,"href":"https:\/\/arroyitoonline.com.ar\/index.php?rest_route=%2Fwp%2Fv2%2Fcomments&post=6729"}],"version-history":[{"count":1,"href":"https:\/\/arroyitoonline.com.ar\/index.php?rest_route=\/wp\/v2\/posts\/6729\/revisions"}],"predecessor-version":[{"id":6730,"href":"https:\/\/arroyitoonline.com.ar\/index.php?rest_route=\/wp\/v2\/posts\/6729\/revisions\/6730"}],"wp:featuredmedia":[{"embeddable":true,"href":"https:\/\/arroyitoonline.com.ar\/index.php?rest_route=\/wp\/v2\/media\/3993"}],"wp:attachment":[{"href":"https:\/\/arroyitoonline.com.ar\/index.php?rest_route=%2Fwp%2Fv2%2Fmedia&parent=6729"}],"wp:term":[{"taxonomy":"category","embeddable":true,"href":"https:\/\/arroyitoonline.com.ar\/index.php?rest_route=%2Fwp%2Fv2%2Fcategories&post=6729"},{"taxonomy":"post_tag","embeddable":true,"href":"https:\/\/arroyitoonline.com.ar\/index.php?rest_route=%2Fwp%2Fv2%2Ftags&post=6729"}],"curies":[{"name":"wp","href":"https:\/\/api.w.org\/{rel}","templated":true}]}}