{"id":6745,"date":"2019-12-04T14:43:18","date_gmt":"2019-12-04T14:43:18","guid":{"rendered":"https:\/\/arroyitoonline.com.ar\/?p=6745"},"modified":"2019-12-04T14:49:08","modified_gmt":"2019-12-04T14:49:08","slug":"pablo-petraglia-despidio-a-su-papa-agradezco-que-nos-pudimos-cuidar-y-dar-amor","status":"publish","type":"post","link":"https:\/\/arroyitoonline.com.ar\/?p=6745","title":{"rendered":"Pablo Petraglia despidi\u00f3 a su pap\u00e1: &#8220;agradezco que nos pudimos cuidar y dar amor&#8221;"},"content":{"rendered":"\n<p><strong>Uno de los hijos del legendario galeno puso en palabras el orgullo y las sensaciones de los momentos compartidos. <\/strong><\/p>\n\n\n\n<p>Las despedidas siempre son dolorosas y muchas personas prefieren evitarlas. Pero otras, ante la irreversible adversidad de una p\u00e9rdida, optan por poner sus sentimientos en palabras consiguiendo emocionar a quienes no est\u00e1n pasando por lo mismo, pero que con empat\u00eda acompa\u00f1an en el dolor. <\/p>\n\n\n\n<p>Este \u00faltimo es el caso de Pablo\nPetraglia, que us\u00f3 sus redes sociales para darle el \u00faltimo adi\u00f3s a uno de los\nm\u00e9dicos m\u00e1s queridos de Arroyito, su pap\u00e1, qui\u00e9n falleci\u00f3 el domingo pasado. <\/p>\n\n\n\n<p>Una vez conocida la triste\nnoticia, las manifestaciones de cari\u00f1o y respeto para este legendario galeno se\nmultiplicaron, por parte de parientes, amigos y pacientes, que reconocieron la\nhumanidad y la humildad con la que siempre hac\u00eda su tarea. <\/p>\n\n\n\n<p>Entre tantos mensajes sobresale el de su hijo que, con simples frases y una emotiva foto, describi\u00f3 c\u00f3mo transit\u00f3 los \u00faltimos cinco meses de vida de su progenitor y lo que siente por \u00e9l: <em>\u201cPor favor sonre\u00ed, m\u00e1s all\u00e1 que era hermoso verte hacerlo!!! Eras un gran orgullo para m\u00ed, mi pecho y mi ego volaban cuando hablaba de vos o cuando alguien ven\u00eda y me dec\u00edan tu viejo es un genio!!! Me salv\u00f3 o hizo tal cosa&#8230; que importante me hac\u00edas sentir, viste que los hijos siempre creen que sus pap\u00e1s son todos h\u00e9roes&#8230; bueno yo ten\u00eda uno!!!\u201d<\/em>.<\/p>\n\n\n\n<figure><iframe loading=\"lazy\" src=\"https:\/\/www.facebook.com\/plugins\/post.php?href=https%3A%2F%2Fwww.facebook.com%2Fpermalink.php%3Fstory_fbid%3D1010630002631720%26id%3D100010541887926&amp;width=500\" width=\"500\" height=\"707\"><\/iframe><\/figure>\n\n\n\n<p>Convencidos de que el fruto no\ncae lejos del \u00e1rbol, creemos que lo valores de este gran hombre de la medicina\nvivir\u00e1n por siempre en sus hijos y nietos, envi\u00e1ndoles a ellos y a Rosita\nnuestras condolencias m\u00e1s sinceras. <\/p>\n","protected":false},"excerpt":{"rendered":"<p>Uno de los hijos del legendario galeno puso en palabras el orgullo y las sensaciones de los momentos compartidos. Las&hellip;<\/p>\n","protected":false},"author":3,"featured_media":6746,"comment_status":"closed","ping_status":"open","sticky":false,"template":"","format":"standard","meta":{"footnotes":""},"categories":[866],"tags":[66,67,836,417,572],"class_list":["post-6745","post","type-post","status-publish","format-standard","has-post-thumbnail","hentry","category-historias-online","tag-arroyito","tag-arroyito-cordoba","tag-arroyito-online","tag-historia","tag-noticias-de-arroyito-y-zona"],"_links":{"self":[{"href":"https:\/\/arroyitoonline.com.ar\/index.php?rest_route=\/wp\/v2\/posts\/6745","targetHints":{"allow":["GET"]}}],"collection":[{"href":"https:\/\/arroyitoonline.com.ar\/index.php?rest_route=\/wp\/v2\/posts"}],"about":[{"href":"https:\/\/arroyitoonline.com.ar\/index.php?rest_route=\/wp\/v2\/types\/post"}],"author":[{"embeddable":true,"href":"https:\/\/arroyitoonline.com.ar\/index.php?rest_route=\/wp\/v2\/users\/3"}],"replies":[{"embeddable":true,"href":"https:\/\/arroyitoonline.com.ar\/index.php?rest_route=%2Fwp%2Fv2%2Fcomments&post=6745"}],"version-history":[{"count":2,"href":"https:\/\/arroyitoonline.com.ar\/index.php?rest_route=\/wp\/v2\/posts\/6745\/revisions"}],"predecessor-version":[{"id":6749,"href":"https:\/\/arroyitoonline.com.ar\/index.php?rest_route=\/wp\/v2\/posts\/6745\/revisions\/6749"}],"wp:featuredmedia":[{"embeddable":true,"href":"https:\/\/arroyitoonline.com.ar\/index.php?rest_route=\/wp\/v2\/media\/6746"}],"wp:attachment":[{"href":"https:\/\/arroyitoonline.com.ar\/index.php?rest_route=%2Fwp%2Fv2%2Fmedia&parent=6745"}],"wp:term":[{"taxonomy":"category","embeddable":true,"href":"https:\/\/arroyitoonline.com.ar\/index.php?rest_route=%2Fwp%2Fv2%2Fcategories&post=6745"},{"taxonomy":"post_tag","embeddable":true,"href":"https:\/\/arroyitoonline.com.ar\/index.php?rest_route=%2Fwp%2Fv2%2Ftags&post=6745"}],"curies":[{"name":"wp","href":"https:\/\/api.w.org\/{rel}","templated":true}]}}