{"id":6755,"date":"2019-12-04T18:15:10","date_gmt":"2019-12-04T18:15:10","guid":{"rendered":"https:\/\/arroyitoonline.com.ar\/?p=6755"},"modified":"2019-12-04T18:47:59","modified_gmt":"2019-12-04T18:47:59","slug":"exclusivo-arroyito-online-benedetti-dijo-que-no-aumentara-las-tasas-ni-el-carnet-de-conducir-en-2020","status":"publish","type":"post","link":"https:\/\/arroyitoonline.com.ar\/?p=6755","title":{"rendered":"Exclusivo Arroyito Online: Benedetti dijo que no aumentar\u00e1 las tasas ni el carnet de conducir en 2020"},"content":{"rendered":"\n<p><strong>Lo afirm\u00f3 el intendente electo, minutos antes de la proclamaci\u00f3n de autoridades. Se eliminar\u00e1 el incremento del 25% plasmado en el presupuesto del a\u00f1o que viene.<\/strong><\/p>\n\n\n\n<p>Anoche, antes de la proclamaci\u00f3n\nde nuevas autoridades por parte de la Junta Electoral Municipal, <strong>Arroyito Online<\/strong> accedi\u00f3 de manera\nexclusiva a la palabra del intendente electo.<\/p>\n\n\n\n<p>En ese marco, consultado sobre el presupuesto 2020, Gustavo Benedetti dijo que ser\u00e1 aprobado por los ediles electos, lo cual forma parte de un acuerdo con el Concejo actual, que es el mismo modelo que viene us\u00e1ndose y <em>\u201cnosotros vamos a quitarle el 25% de aumento que estaba plasmado\u201d.<\/em> <\/p>\n\n\n\n<figure><iframe loading=\"lazy\" src=\"https:\/\/www.facebook.com\/plugins\/video.php?href=https%3A%2F%2Fwww.facebook.com%2Farroyitoonlineoficial%2Fvideos%2F732285837275222%2F&amp;show_text=0&amp;width=560\" width=\"560\" height=\"315\" allowfullscreen=\"true\"><\/iframe><\/figure>\n\n\n\n<p>Adem\u00e1s, el referente de Todos\nJuntos por Arroyito explic\u00f3 que las tasas municipales no van a tener aumento este\na\u00f1o, reduci\u00e9ndose el monto final del presupuesto en unos $100 millones. Por lo tanto,\nvan a mantenerse los mismos montos en las tasas a la propiedad y al comercio \u2013que\ntiene un m\u00ednimo-; mientras que el carnet de conducir tampoco sufrir\u00e1\nincrementos. <\/p>\n\n\n\n<p>Tambi\u00e9n agreg\u00f3 que la coparticipaci\u00f3n\nva a ser importante para el pr\u00f3ximo a\u00f1o: <em>\u201cesperamos\ntener algunos programas en conjunto con la Provincia y abrimos la puerta para\npoder gestionar ante el gobierno nacional, obras y recursos para la ciudad\u201d<\/em>.\n<\/p>\n\n\n\n<p><em>\u201cLo que se puede llegar a incrementar de monto con respecto al a\u00f1o anterior\ntiene que ver con los egresos e ingresos que vamos a tener, por los recursos externos\nde coparticipaci\u00f3n o los programas nacionales y provinciales\u201d<\/em>,\nfinaliz\u00f3 Benedetti. <\/p>\n","protected":false},"excerpt":{"rendered":"<p>Lo afirm\u00f3 el intendente electo, minutos antes de la proclamaci\u00f3n de autoridades. Se eliminar\u00e1 el incremento del 25% plasmado en&hellip;<\/p>\n","protected":false},"author":3,"featured_media":6756,"comment_status":"closed","ping_status":"open","sticky":false,"template":"","format":"standard","meta":{"footnotes":""},"categories":[829],"tags":[66,67,836,115,891,227,968,868,555,556,572,649],"class_list":["post-6755","post","type-post","status-publish","format-standard","has-post-thumbnail","hentry","category-municipales-online","tag-arroyito","tag-arroyito-cordoba","tag-arroyito-online","tag-benedetti","tag-concejales","tag-concejo-deliberante","tag-gustavo-benedetti","tag-municipales-online","tag-municipalidad","tag-municipalidad-de-arroyito","tag-noticias-de-arroyito-y-zona","tag-presupuesto"],"_links":{"self":[{"href":"https:\/\/arroyitoonline.com.ar\/index.php?rest_route=\/wp\/v2\/posts\/6755","targetHints":{"allow":["GET"]}}],"collection":[{"href":"https:\/\/arroyitoonline.com.ar\/index.php?rest_route=\/wp\/v2\/posts"}],"about":[{"href":"https:\/\/arroyitoonline.com.ar\/index.php?rest_route=\/wp\/v2\/types\/post"}],"author":[{"embeddable":true,"href":"https:\/\/arroyitoonline.com.ar\/index.php?rest_route=\/wp\/v2\/users\/3"}],"replies":[{"embeddable":true,"href":"https:\/\/arroyitoonline.com.ar\/index.php?rest_route=%2Fwp%2Fv2%2Fcomments&post=6755"}],"version-history":[{"count":2,"href":"https:\/\/arroyitoonline.com.ar\/index.php?rest_route=\/wp\/v2\/posts\/6755\/revisions"}],"predecessor-version":[{"id":6758,"href":"https:\/\/arroyitoonline.com.ar\/index.php?rest_route=\/wp\/v2\/posts\/6755\/revisions\/6758"}],"wp:featuredmedia":[{"embeddable":true,"href":"https:\/\/arroyitoonline.com.ar\/index.php?rest_route=\/wp\/v2\/media\/6756"}],"wp:attachment":[{"href":"https:\/\/arroyitoonline.com.ar\/index.php?rest_route=%2Fwp%2Fv2%2Fmedia&parent=6755"}],"wp:term":[{"taxonomy":"category","embeddable":true,"href":"https:\/\/arroyitoonline.com.ar\/index.php?rest_route=%2Fwp%2Fv2%2Fcategories&post=6755"},{"taxonomy":"post_tag","embeddable":true,"href":"https:\/\/arroyitoonline.com.ar\/index.php?rest_route=%2Fwp%2Fv2%2Ftags&post=6755"}],"curies":[{"name":"wp","href":"https:\/\/api.w.org\/{rel}","templated":true}]}}