{"id":6759,"date":"2019-12-04T20:56:01","date_gmt":"2019-12-04T20:56:01","guid":{"rendered":"https:\/\/arroyitoonline.com.ar\/?p=6759"},"modified":"2019-12-04T20:56:36","modified_gmt":"2019-12-04T20:56:36","slug":"ribeiro-tras-la-audiencia-hay-cuarto-intermedio-y-continua-el-acampe-de-los-trabajadores","status":"publish","type":"post","link":"https:\/\/arroyitoonline.com.ar\/?p=6759","title":{"rendered":"Ribeiro: tras la audiencia, hay cuarto intermedio y contin\u00faa el acampe de los trabajadores"},"content":{"rendered":"\n<p><strong> El jueves a las 13:30 ser\u00e1 la segunda reuni\u00f3n. Mientras tanto siguen resistiendo afuera de la sucursal.<\/strong><\/p>\n\n\n\n<p>Ayer al mediod\u00eda, los seis empleados\nde Minicuotas Ribeiro desvinculados tras el cierre de la sucursal de Arroyito y\nsu abogada, Marcela Maggi, participaron de una primera audiencia de\nconciliaci\u00f3n en la sede local del Ministerio de Trabajo. A la reuni\u00f3n tambi\u00e9n\nasistieron el apoderado de la firma y el subsecretario Gremial del Sindicato de\nEmpleados de Comercio. <\/p>\n\n\n\n<p>En este marco, el acuerdo ofrecido por la patronal no satisfizo a los trabajadores, que a\u00fan no han recibido los telegramas de despido, sino solo una carta documento mediante la cual les notificaban el cierre de la sucursal. Les piden que firmen, de com\u00fan acuerdo, una renuncia y el cobro de la indemnizaci\u00f3n en ocho cuotas. El ofrecimiento, que fue rechazado, gener\u00f3 una contra propuesta. <\/p>\n\n\n\n<p>Los empleados solicitan el despido con causa, para poder gestionar el fondo de desempleo y, aunque preferir\u00edan cobrarla en un pago, est\u00e1n dispuestos a negociar las condiciones de la indemnizaci\u00f3n, siempre que sea con garant\u00edas. Tambi\u00e9n queda pendiente la liquidaci\u00f3n final, el aguinaldo y las vacaciones. <\/p>\n\n\n\n<p>El pr\u00f3ximo encuentro ser\u00e1 este jueves 5, desde las 13:30, ya que desde la empresa requirieron que se pase a un cuarto intermedio. <\/p>\n\n\n\n<figure class=\"wp-block-embed-facebook wp-block-embed is-type-video is-provider-facebook\"><div class=\"wp-block-embed__wrapper\">\nhttps:\/\/www.facebook.com\/arroyitoonlineoficial\/videos\/2528667690696280\/\n<\/div><\/figure>\n\n\n\n<p>Por su parte, anoche, en di\u00e1logo\ncon <strong>Arroyito Online<\/strong>, Guillermo\nLuque, uno de los damnificados, explic\u00f3 que <em>\u201ces\nalgo que nos corresponde, algo que con sacrificio uno dej\u00f3 todo su empe\u00f1o ac\u00e1,\nporque nunca les faltamos en nada. Seguiremos ac\u00e1 firmes con los chicos ya\nrot\u00e1ndonos un poco m\u00e1s, como para poder descansar, a ver qu\u00e9 pasa\u201d<\/em> y\nrecalc\u00f3 el apoyo de los vecinos de Arroyito, que les env\u00edan fuerzas <em>\u201cpara que pidamos lo que es nuestro, nunca\nnos ha dejado faltar nada. Estamos totalmente agradecidos\u201d<\/em>. <\/p>\n","protected":false},"excerpt":{"rendered":"<p>El jueves a las 13:30 ser\u00e1 la segunda reuni\u00f3n. Mientras tanto siguen resistiendo afuera de la sucursal. Ayer al mediod\u00eda,&hellip;<\/p>\n","protected":false},"author":3,"featured_media":6762,"comment_status":"closed","ping_status":"open","sticky":false,"template":"","format":"standard","meta":{"footnotes":""},"categories":[996],"tags":[66,67,836,217,855,883,284,572,736],"class_list":["post-6759","post","type-post","status-publish","format-standard","has-post-thumbnail","hentry","category-comercio","tag-arroyito","tag-arroyito-cordoba","tag-arroyito-online","tag-comercio","tag-crisis","tag-desocupados","tag-despidos","tag-noticias-de-arroyito-y-zona","tag-sindicatos"],"_links":{"self":[{"href":"https:\/\/arroyitoonline.com.ar\/index.php?rest_route=\/wp\/v2\/posts\/6759","targetHints":{"allow":["GET"]}}],"collection":[{"href":"https:\/\/arroyitoonline.com.ar\/index.php?rest_route=\/wp\/v2\/posts"}],"about":[{"href":"https:\/\/arroyitoonline.com.ar\/index.php?rest_route=\/wp\/v2\/types\/post"}],"author":[{"embeddable":true,"href":"https:\/\/arroyitoonline.com.ar\/index.php?rest_route=\/wp\/v2\/users\/3"}],"replies":[{"embeddable":true,"href":"https:\/\/arroyitoonline.com.ar\/index.php?rest_route=%2Fwp%2Fv2%2Fcomments&post=6759"}],"version-history":[{"count":3,"href":"https:\/\/arroyitoonline.com.ar\/index.php?rest_route=\/wp\/v2\/posts\/6759\/revisions"}],"predecessor-version":[{"id":6764,"href":"https:\/\/arroyitoonline.com.ar\/index.php?rest_route=\/wp\/v2\/posts\/6759\/revisions\/6764"}],"wp:featuredmedia":[{"embeddable":true,"href":"https:\/\/arroyitoonline.com.ar\/index.php?rest_route=\/wp\/v2\/media\/6762"}],"wp:attachment":[{"href":"https:\/\/arroyitoonline.com.ar\/index.php?rest_route=%2Fwp%2Fv2%2Fmedia&parent=6759"}],"wp:term":[{"taxonomy":"category","embeddable":true,"href":"https:\/\/arroyitoonline.com.ar\/index.php?rest_route=%2Fwp%2Fv2%2Fcategories&post=6759"},{"taxonomy":"post_tag","embeddable":true,"href":"https:\/\/arroyitoonline.com.ar\/index.php?rest_route=%2Fwp%2Fv2%2Ftags&post=6759"}],"curies":[{"name":"wp","href":"https:\/\/api.w.org\/{rel}","templated":true}]}}