{"id":6789,"date":"2019-12-09T12:18:06","date_gmt":"2019-12-09T12:18:06","guid":{"rendered":"https:\/\/arroyitoonline.com.ar\/?p=6789"},"modified":"2019-12-09T12:18:11","modified_gmt":"2019-12-09T12:18:11","slug":"cravero-entregara-en-su-ultimo-acto-de-gestion-la-vivienda-municipal-n-361","status":"publish","type":"post","link":"https:\/\/arroyitoonline.com.ar\/?p=6789","title":{"rendered":"Cravero entregar\u00e1, en su \u00faltimo acto de gesti\u00f3n, la vivienda municipal N\u00b0 361"},"content":{"rendered":"\n<p><strong>El intendente saliente cerrar\u00e1 su segundo per\u00edodo al frente del Municipio otorgando las llaves de sus inmuebles a 28 flamantes propietarios.<\/strong><\/p>\n\n\n\n<p>Hoy lunes 9 de diciembre, a las 19:30 horas, el intendente Mauricio Caravero concretar\u00e1 su \u00faltimo acto de gesti\u00f3n. Se trata de la entrega de la vivienda N\u00b0 361, todas construidas en los 96 meses que lleva al frente del Municipio. El evento se har\u00e1 sobre calle Victoria Ocampo.<\/p>\n\n\n\n<p>En los d\u00edas previos, el secretario de Obras P\u00fablicas Daniel Lafarina recorri\u00f3 el sector controlando y revisando detalles antes de la entrega. En esta oportunidad se otorgar\u00e1n 28 nuevas unidades habitacionales pertenecientes a los Planes Casa y Casa Social.\u00a0\u00a0\u00a0<\/p>\n\n\n\n<p>Fuente: Prensa Municipal. <\/p>\n","protected":false},"excerpt":{"rendered":"<p>El intendente saliente cerrar\u00e1 su segundo per\u00edodo al frente del Municipio otorgando las llaves de sus inmuebles a 28 flamantes&hellip;<\/p>\n","protected":false},"author":3,"featured_media":6160,"comment_status":"closed","ping_status":"open","sticky":false,"template":"","format":"standard","meta":{"footnotes":""},"categories":[1044],"tags":[66,67,836,253,837,527,556,572,578,624,625,813],"class_list":["post-6789","post","type-post","status-publish","format-standard","has-post-thumbnail","hentry","category-obras-publicas","tag-arroyito","tag-arroyito-cordoba","tag-arroyito-online","tag-cravero","tag-lafarina","tag-mauricio-cravero","tag-municipalidad-de-arroyito","tag-noticias-de-arroyito-y-zona","tag-obras-publicas","tag-plan-casa","tag-plan-casa-social","tag-viviendas"],"_links":{"self":[{"href":"https:\/\/arroyitoonline.com.ar\/index.php?rest_route=\/wp\/v2\/posts\/6789","targetHints":{"allow":["GET"]}}],"collection":[{"href":"https:\/\/arroyitoonline.com.ar\/index.php?rest_route=\/wp\/v2\/posts"}],"about":[{"href":"https:\/\/arroyitoonline.com.ar\/index.php?rest_route=\/wp\/v2\/types\/post"}],"author":[{"embeddable":true,"href":"https:\/\/arroyitoonline.com.ar\/index.php?rest_route=\/wp\/v2\/users\/3"}],"replies":[{"embeddable":true,"href":"https:\/\/arroyitoonline.com.ar\/index.php?rest_route=%2Fwp%2Fv2%2Fcomments&post=6789"}],"version-history":[{"count":1,"href":"https:\/\/arroyitoonline.com.ar\/index.php?rest_route=\/wp\/v2\/posts\/6789\/revisions"}],"predecessor-version":[{"id":6790,"href":"https:\/\/arroyitoonline.com.ar\/index.php?rest_route=\/wp\/v2\/posts\/6789\/revisions\/6790"}],"wp:featuredmedia":[{"embeddable":true,"href":"https:\/\/arroyitoonline.com.ar\/index.php?rest_route=\/wp\/v2\/media\/6160"}],"wp:attachment":[{"href":"https:\/\/arroyitoonline.com.ar\/index.php?rest_route=%2Fwp%2Fv2%2Fmedia&parent=6789"}],"wp:term":[{"taxonomy":"category","embeddable":true,"href":"https:\/\/arroyitoonline.com.ar\/index.php?rest_route=%2Fwp%2Fv2%2Fcategories&post=6789"},{"taxonomy":"post_tag","embeddable":true,"href":"https:\/\/arroyitoonline.com.ar\/index.php?rest_route=%2Fwp%2Fv2%2Ftags&post=6789"}],"curies":[{"name":"wp","href":"https:\/\/api.w.org\/{rel}","templated":true}]}}