{"id":6791,"date":"2019-12-07T12:31:36","date_gmt":"2019-12-07T12:31:36","guid":{"rendered":"https:\/\/arroyitoonline.com.ar\/?p=6791"},"modified":"2019-12-09T12:45:16","modified_gmt":"2019-12-09T12:45:16","slug":"la-junta-electoral-proclamo-a-las-autoridades-municipales-2019-2023","status":"publish","type":"post","link":"https:\/\/arroyitoonline.com.ar\/?p=6791","title":{"rendered":"La Junta Electoral proclam\u00f3 a las autoridades municipales 2019\u20132023"},"content":{"rendered":"\n<p><strong>Los miembros del Tribunal leyeron el Acta de Escrutinio Definitivo y otorgaron diplomas a quienes conducir\u00e1n los destinos de Arroyito en los pr\u00f3ximos cuatro a\u00f1os. <\/strong><\/p>\n\n\n\n<p>El pasado martes 3 de diciembre, en el Teatrillo Jos\u00e9 Francisco Guarch, se produjo el Acto de Proclamaci\u00f3n de autoridades municipales electas para el per\u00edodo 2019\u20132023.<\/p>\n\n\n\n<p>En la oportunidad la Junta Electoral de Arroyito dio lectura al Acta de Escrutinio Definitivo. El tribunal estuvo conformada por la presidenta Graciela S\u00e1nchez, el vocal Diego Nagel y el secretario Gustavo Montero. Luego de conocerse los resultados finales de los comicios del 10 de noviembre pasado, S\u00e1nchez realiz\u00f3 una conclusi\u00f3n del proceso electoral municipal.<\/p>\n\n\n\n<p>Acto seguido, subieron al escenario las flamantes autoridades municipales electas: intendente Gustavo Ariel Benedetti; viceintendenta Mar\u00eda Jos\u00e9 Esp\u00f3sito; oncejales titulares Alejandra Diaz, Jes\u00fas Alberto Beigveder, Claudia del Luj\u00e1n Oberto, Jos\u00e9 Luis Colazo y Jaquelina Ver\u00f3n, todos de la Alianza Todos Juntos por Arroyito; Mauricio Andr\u00e9s Cravero, Carlos Rub\u00e9n Francisca y Lidia Noem\u00ed Mart\u00ednez, en representaci\u00f3n de la Uni\u00f3n C\u00edvica Radical; y Wilson Natanael Genesio por el Vecinalismo Independiente.<\/p>\n\n\n\n<p>Del mismo modo se hizo lo pertinente con los miembros del Tribunal de Cuentas: Franco Bruno (TJPA), Karem Martorella (TJPA) y Cecilia Viotti (UCR).<\/p>\n\n\n\n<p>De esta manera cada uno recibi\u00f3 un diploma certificando su proclamaci\u00f3n.\u00a0<\/p>\n\n\n\n<p>Fuente: Prensa Municipal. <\/p>\n","protected":false},"excerpt":{"rendered":"<p>Los miembros del Tribunal leyeron el Acta de Escrutinio Definitivo y otorgaron diplomas a quienes conducir\u00e1n los destinos de Arroyito&hellip;<\/p>\n","protected":false},"author":3,"featured_media":6756,"comment_status":"closed","ping_status":"open","sticky":false,"template":"","format":"standard","meta":{"footnotes":""},"categories":[8],"tags":[66,67,836,115,968,868,555,556,572,640],"class_list":["post-6791","post","type-post","status-publish","format-standard","has-post-thumbnail","hentry","category-politica","tag-arroyito","tag-arroyito-cordoba","tag-arroyito-online","tag-benedetti","tag-gustavo-benedetti","tag-municipales-online","tag-municipalidad","tag-municipalidad-de-arroyito","tag-noticias-de-arroyito-y-zona","tag-politica"],"_links":{"self":[{"href":"https:\/\/arroyitoonline.com.ar\/index.php?rest_route=\/wp\/v2\/posts\/6791","targetHints":{"allow":["GET"]}}],"collection":[{"href":"https:\/\/arroyitoonline.com.ar\/index.php?rest_route=\/wp\/v2\/posts"}],"about":[{"href":"https:\/\/arroyitoonline.com.ar\/index.php?rest_route=\/wp\/v2\/types\/post"}],"author":[{"embeddable":true,"href":"https:\/\/arroyitoonline.com.ar\/index.php?rest_route=\/wp\/v2\/users\/3"}],"replies":[{"embeddable":true,"href":"https:\/\/arroyitoonline.com.ar\/index.php?rest_route=%2Fwp%2Fv2%2Fcomments&post=6791"}],"version-history":[{"count":1,"href":"https:\/\/arroyitoonline.com.ar\/index.php?rest_route=\/wp\/v2\/posts\/6791\/revisions"}],"predecessor-version":[{"id":6792,"href":"https:\/\/arroyitoonline.com.ar\/index.php?rest_route=\/wp\/v2\/posts\/6791\/revisions\/6792"}],"wp:featuredmedia":[{"embeddable":true,"href":"https:\/\/arroyitoonline.com.ar\/index.php?rest_route=\/wp\/v2\/media\/6756"}],"wp:attachment":[{"href":"https:\/\/arroyitoonline.com.ar\/index.php?rest_route=%2Fwp%2Fv2%2Fmedia&parent=6791"}],"wp:term":[{"taxonomy":"category","embeddable":true,"href":"https:\/\/arroyitoonline.com.ar\/index.php?rest_route=%2Fwp%2Fv2%2Fcategories&post=6791"},{"taxonomy":"post_tag","embeddable":true,"href":"https:\/\/arroyitoonline.com.ar\/index.php?rest_route=%2Fwp%2Fv2%2Ftags&post=6791"}],"curies":[{"name":"wp","href":"https:\/\/api.w.org\/{rel}","templated":true}]}}