{"id":6799,"date":"2019-12-09T14:08:54","date_gmt":"2019-12-09T14:08:54","guid":{"rendered":"https:\/\/arroyitoonline.com.ar\/?p=6799"},"modified":"2019-12-09T14:08:58","modified_gmt":"2019-12-09T14:08:58","slug":"entregaron-certificados-de-los-cursos-ceder-2019","status":"publish","type":"post","link":"https:\/\/arroyitoonline.com.ar\/?p=6799","title":{"rendered":"Entregaron certificados de los Cursos Ceder 2019"},"content":{"rendered":"\n<p><strong>62 egresados de capacitaciones gratuitas recibieron su certificado, por parte del Centro de Desarrollo Regional Miramar.<\/strong><\/p>\n\n\n\n<p>El pasado jueves 5 de diciembre entregaron certificados de los cursos dictados por el Centro de Desarrollo Regional (Ceder) Miramar.<\/p>\n\n\n\n<p>En la oportunidad estuvieron presentes el intendente Mauricio Cravero,\u00a0la coordinadora de la oficina de Empleo Viviana Vercelli e integrantes junto a la directora del Centro de Desarrollo Regional (Ceder) Miramar Griselda Bergia.<\/p>\n\n\n\n<p>Como parte de la secretar\u00eda de Equidad y Promoci\u00f3n del Empleo del Gobierno de la Provincia de C\u00f3rdoba, el Ceder Miramar trabaja, desde 1989, en el mejoramiento de la formaci\u00f3n y la empleabilidad de los trabajadores\u00a0 de la regi\u00f3n, y sus actores socio productivos.<\/p>\n\n\n\n<p>El Municipio, a trav\u00e9s de la gesti\u00f3n del intendente Cravero, apostando a que se mejore la calidad de vida de sus ciudadanos por medio de la capacitaci\u00f3n, a comienzos de 2017 estableci\u00f3 una fluida relaci\u00f3n con el Ceder, gestionando los cursos gratuitos que se dictan en nuestra ciudad.<\/p>\n\n\n\n<p>Recibieron su certificado, 62 egresados de las siguientes capacitaciones: Auxiliar en Electricidad\u00a0de Inmuebles, Auxiliar en Instalaciones de Gas Domiciliaria, Instalaci\u00f3n de Gas Domiciliaria, Asistente en Cocina e Instalaci\u00f3n El\u00e9ctrica Habilitada Categor\u00eda III.<\/p>\n\n\n\n<p>Fuente: Prensa Municipal.<\/p>\n","protected":false},"excerpt":{"rendered":"<p>62 egresados de capacitaciones gratuitas recibieron su certificado, por parte del Centro de Desarrollo Regional Miramar. El pasado jueves 5&hellip;<\/p>\n","protected":false},"author":3,"featured_media":6800,"comment_status":"closed","ping_status":"open","sticky":false,"template":"","format":"standard","meta":{"footnotes":""},"categories":[830,1],"tags":[66,67,836,938,172,310,555,556,572],"class_list":["post-6799","post","type-post","status-publish","format-standard","has-post-thumbnail","hentry","category-educacion-online","category-uncategorized","tag-arroyito","tag-arroyito-cordoba","tag-arroyito-online","tag-ceder-miramar","tag-centro-de-desarrollo-regional-de-miramar","tag-educacion","tag-municipalidad","tag-municipalidad-de-arroyito","tag-noticias-de-arroyito-y-zona"],"_links":{"self":[{"href":"https:\/\/arroyitoonline.com.ar\/index.php?rest_route=\/wp\/v2\/posts\/6799","targetHints":{"allow":["GET"]}}],"collection":[{"href":"https:\/\/arroyitoonline.com.ar\/index.php?rest_route=\/wp\/v2\/posts"}],"about":[{"href":"https:\/\/arroyitoonline.com.ar\/index.php?rest_route=\/wp\/v2\/types\/post"}],"author":[{"embeddable":true,"href":"https:\/\/arroyitoonline.com.ar\/index.php?rest_route=\/wp\/v2\/users\/3"}],"replies":[{"embeddable":true,"href":"https:\/\/arroyitoonline.com.ar\/index.php?rest_route=%2Fwp%2Fv2%2Fcomments&post=6799"}],"version-history":[{"count":2,"href":"https:\/\/arroyitoonline.com.ar\/index.php?rest_route=\/wp\/v2\/posts\/6799\/revisions"}],"predecessor-version":[{"id":6802,"href":"https:\/\/arroyitoonline.com.ar\/index.php?rest_route=\/wp\/v2\/posts\/6799\/revisions\/6802"}],"wp:featuredmedia":[{"embeddable":true,"href":"https:\/\/arroyitoonline.com.ar\/index.php?rest_route=\/wp\/v2\/media\/6800"}],"wp:attachment":[{"href":"https:\/\/arroyitoonline.com.ar\/index.php?rest_route=%2Fwp%2Fv2%2Fmedia&parent=6799"}],"wp:term":[{"taxonomy":"category","embeddable":true,"href":"https:\/\/arroyitoonline.com.ar\/index.php?rest_route=%2Fwp%2Fv2%2Fcategories&post=6799"},{"taxonomy":"post_tag","embeddable":true,"href":"https:\/\/arroyitoonline.com.ar\/index.php?rest_route=%2Fwp%2Fv2%2Ftags&post=6799"}],"curies":[{"name":"wp","href":"https:\/\/api.w.org\/{rel}","templated":true}]}}