{"id":6812,"date":"2019-11-23T16:59:11","date_gmt":"2019-11-23T16:59:11","guid":{"rendered":"https:\/\/arroyitoonline.com.ar\/?p=6812"},"modified":"2019-12-09T17:08:07","modified_gmt":"2019-12-09T17:08:07","slug":"celebraron-un-aniversario-mas-de-la-convencion-de-los-derechos-del-nino","status":"publish","type":"post","link":"https:\/\/arroyitoonline.com.ar\/?p=6812","title":{"rendered":"Celebraron un aniversario m\u00e1s de la Convenci\u00f3n de los Derechos del Ni\u00f1o"},"content":{"rendered":"\n<p><strong>Varios organismos que tienen una mirada comprometida con la infancia apoyaron y participaron de \u00e9ste evento organizado por el Consejo de Ni\u00f1as y Ni\u00f1os.<\/strong><\/p>\n\n\n\n<p>El mi\u00e9rcoles 20 de noviembre, el Consejo de Ni\u00f1as y Ni\u00f1os celebr\u00f3 el 30\u00b0 de la Convenci\u00f3n de los Derechos del Ni\u00f1o. Fue en el marco de l ordenanza Arroyito Ciudad Amiga.<\/p>\n\n\n\n<p>Se trat\u00f3 de una jornada dise\u00f1ada por los chicos consejeros para que ni\u00f1os y familias disfrutaran de juegos, arte y deporte. Una tarde dedicada al fomento de la fraternidad entre los m\u00e1s peque\u00f1os de nuestra ciudad, y a la promoci\u00f3n de su bienestar mediante actividades l\u00fadicas, sociales y culturales.<\/p>\n\n\n\n<p>Varios organismos que tienen una mirada comprometida con la infancia apoyaron y participaron de \u00e9ste evento: Fundaci\u00f3n Infancia Segura, Espacio de Equinoterapia Piuk\u00e9 Cahuel, Jard\u00edn Maternal Sonrisitas, Grupo de Acompa\u00f1antes Terap\u00e9uticos Tramas y el Polideportivo Municipal.<\/p>\n\n\n\n<p>El cierre del evento estuvo a cargo de estudiantes del Profesorado de Nivel Superior \u2013 Grupo de Teatro Mandarina, quienes brindaron al p\u00fablico infantil una obra de teatro enfocada en la igualdad los Derechos de los Ni\u00f1os.<\/p>\n\n\n\n<p>Fuente: Prensa Municipal. <\/p>\n","protected":false},"excerpt":{"rendered":"<p>Varios organismos que tienen una mirada comprometida con la infancia apoyaron y participaron de \u00e9ste evento organizado por el Consejo&hellip;<\/p>\n","protected":false},"author":3,"featured_media":6813,"comment_status":"closed","ping_status":"open","sticky":false,"template":"","format":"standard","meta":{"footnotes":""},"categories":[962],"tags":[66,67,836,233,556,570,572],"class_list":["post-6812","post","type-post","status-publish","format-standard","has-post-thumbnail","hentry","category-ninez-y-adolescencia","tag-arroyito","tag-arroyito-cordoba","tag-arroyito-online","tag-consejo-de-ninos","tag-municipalidad-de-arroyito","tag-ninez","tag-noticias-de-arroyito-y-zona"],"_links":{"self":[{"href":"https:\/\/arroyitoonline.com.ar\/index.php?rest_route=\/wp\/v2\/posts\/6812","targetHints":{"allow":["GET"]}}],"collection":[{"href":"https:\/\/arroyitoonline.com.ar\/index.php?rest_route=\/wp\/v2\/posts"}],"about":[{"href":"https:\/\/arroyitoonline.com.ar\/index.php?rest_route=\/wp\/v2\/types\/post"}],"author":[{"embeddable":true,"href":"https:\/\/arroyitoonline.com.ar\/index.php?rest_route=\/wp\/v2\/users\/3"}],"replies":[{"embeddable":true,"href":"https:\/\/arroyitoonline.com.ar\/index.php?rest_route=%2Fwp%2Fv2%2Fcomments&post=6812"}],"version-history":[{"count":1,"href":"https:\/\/arroyitoonline.com.ar\/index.php?rest_route=\/wp\/v2\/posts\/6812\/revisions"}],"predecessor-version":[{"id":6814,"href":"https:\/\/arroyitoonline.com.ar\/index.php?rest_route=\/wp\/v2\/posts\/6812\/revisions\/6814"}],"wp:featuredmedia":[{"embeddable":true,"href":"https:\/\/arroyitoonline.com.ar\/index.php?rest_route=\/wp\/v2\/media\/6813"}],"wp:attachment":[{"href":"https:\/\/arroyitoonline.com.ar\/index.php?rest_route=%2Fwp%2Fv2%2Fmedia&parent=6812"}],"wp:term":[{"taxonomy":"category","embeddable":true,"href":"https:\/\/arroyitoonline.com.ar\/index.php?rest_route=%2Fwp%2Fv2%2Fcategories&post=6812"},{"taxonomy":"post_tag","embeddable":true,"href":"https:\/\/arroyitoonline.com.ar\/index.php?rest_route=%2Fwp%2Fv2%2Ftags&post=6812"}],"curies":[{"name":"wp","href":"https:\/\/api.w.org\/{rel}","templated":true}]}}