{"id":6820,"date":"2019-12-09T20:15:58","date_gmt":"2019-12-09T20:15:58","guid":{"rendered":"https:\/\/arroyitoonline.com.ar\/?p=6820"},"modified":"2019-12-09T20:16:00","modified_gmt":"2019-12-09T20:16:00","slug":"joven-golpeaba-a-otro-le-pego-al-policia-que-intervino-y-fue-detenido","status":"publish","type":"post","link":"https:\/\/arroyitoonline.com.ar\/?p=6820","title":{"rendered":"Joven golpeaba a otro, le peg\u00f3 al polic\u00eda que intervino y fue detenido"},"content":{"rendered":"\n<p><strong>El sujeto, de 22 a\u00f1os, qued\u00f3 alojado por supuesto autor de los delitos de resistencia a la autoridad y lesiones leves calificadas.<\/strong><\/p>\n\n\n\n<p>Ayer a las 7:00 de la ma\u00f1ana, personal policial traslad\u00f3 a la Comisar\u00eda, desde Av. Boetto esquina Av. Mariano Moreno, a un joven (22) quien, momentos antes, estaba ocasionando disturbios en el lugar.<\/p>\n\n\n\n<p>El sujeto\nle propin\u00f3 un golpe de pu\u00f1o a otro, frente al uniformado, que intervino para que\nla agresi\u00f3n cesara, siendo tambi\u00e9n golpeado por el joven logrando reducirlo y\nprocediendo a su aprehensi\u00f3n.<\/p>\n\n\n\n<p>El atacante qued\u00f3 alojado en la dependencia, por supuesto autor de los delitos de resistencia a la autoridad y lesiones leves calificadas, a disposici\u00f3n de la Fiscal\u00eda de Instrucci\u00f3n local.<\/p>\n\n\n\n<p>Fuente: informe de la oficial Principal Jesica Paz, a cargo de la Base Operativa Sector Sur Suboficial Principal Gustavo Carlos D\u00edaz. <\/p>\n","protected":false},"excerpt":{"rendered":"<p>El sujeto, de 22 a\u00f1os, qued\u00f3 alojado por supuesto autor de los delitos de resistencia a la autoridad y lesiones&hellip;<\/p>\n","protected":false},"author":3,"featured_media":2722,"comment_status":"closed","ping_status":"open","sticky":false,"template":"","format":"standard","meta":{"footnotes":""},"categories":[824],"tags":[37,66,67,836,471,572,635,637,638,825],"class_list":["post-6820","post","type-post","status-publish","format-standard","has-post-thumbnail","hentry","category-policiales-online","tag-agresion","tag-arroyito","tag-arroyito-cordoba","tag-arroyito-online","tag-jovenes","tag-noticias-de-arroyito-y-zona","tag-policia","tag-policiales","tag-policiales-arroyito","tag-policiales-online"],"_links":{"self":[{"href":"https:\/\/arroyitoonline.com.ar\/index.php?rest_route=\/wp\/v2\/posts\/6820","targetHints":{"allow":["GET"]}}],"collection":[{"href":"https:\/\/arroyitoonline.com.ar\/index.php?rest_route=\/wp\/v2\/posts"}],"about":[{"href":"https:\/\/arroyitoonline.com.ar\/index.php?rest_route=\/wp\/v2\/types\/post"}],"author":[{"embeddable":true,"href":"https:\/\/arroyitoonline.com.ar\/index.php?rest_route=\/wp\/v2\/users\/3"}],"replies":[{"embeddable":true,"href":"https:\/\/arroyitoonline.com.ar\/index.php?rest_route=%2Fwp%2Fv2%2Fcomments&post=6820"}],"version-history":[{"count":1,"href":"https:\/\/arroyitoonline.com.ar\/index.php?rest_route=\/wp\/v2\/posts\/6820\/revisions"}],"predecessor-version":[{"id":6821,"href":"https:\/\/arroyitoonline.com.ar\/index.php?rest_route=\/wp\/v2\/posts\/6820\/revisions\/6821"}],"wp:featuredmedia":[{"embeddable":true,"href":"https:\/\/arroyitoonline.com.ar\/index.php?rest_route=\/wp\/v2\/media\/2722"}],"wp:attachment":[{"href":"https:\/\/arroyitoonline.com.ar\/index.php?rest_route=%2Fwp%2Fv2%2Fmedia&parent=6820"}],"wp:term":[{"taxonomy":"category","embeddable":true,"href":"https:\/\/arroyitoonline.com.ar\/index.php?rest_route=%2Fwp%2Fv2%2Fcategories&post=6820"},{"taxonomy":"post_tag","embeddable":true,"href":"https:\/\/arroyitoonline.com.ar\/index.php?rest_route=%2Fwp%2Fv2%2Ftags&post=6820"}],"curies":[{"name":"wp","href":"https:\/\/api.w.org\/{rel}","templated":true}]}}