{"id":6822,"date":"2019-12-09T20:27:32","date_gmt":"2019-12-09T20:27:32","guid":{"rendered":"https:\/\/arroyitoonline.com.ar\/?p=6822"},"modified":"2019-12-10T11:06:25","modified_gmt":"2019-12-10T11:06:25","slug":"villa-concepcion-detuvieron-a-joven-por-la-sustraccion-de-un-telefono-celular","status":"publish","type":"post","link":"https:\/\/arroyitoonline.com.ar\/?p=6822","title":{"rendered":"Villa Concepci\u00f3n: detuvieron a joven por la sustracci\u00f3n de un tel\u00e9fono celular"},"content":{"rendered":"\n<p><strong>Fue reconocido por personal policial, como el supuesto autor del robo ocurrido el 1 de noviembre pasado.<\/strong><\/p>\n\n\n\n<p>A la 1:30 de la madrugada de hoy, personal policial traslad\u00f3, desde Villa Concepci\u00f3n, a un joven (19) quien, momentos antes, habr\u00eda sido reconocido por el personal policial, como el posible autor de un hecho denunciado el pasado 1 de noviembre por sustracci\u00f3n de un celular del interior de una camioneta.<\/p>\n\n\n\n<p>Cuando requisaron al joven\nhallaron entre sus prendas de ropa, el tel\u00e9fono m\u00f3vil que habr\u00eda sido\ndenunciado. Solicitaron directivas al magistrado de turno, quien imparti\u00f3 la\naprehensi\u00f3n del sujeto y su traslado a la Comisar\u00eda local quedando alojado por\nsupuesto autor del delito de encubrimiento, a disposici\u00f3n de la Fiscal\u00eda de\nInstrucci\u00f3n de Arroyito.<\/p>\n\n\n\n<p>Fuente: informe de la oficial\nPrincipal Jesica Paz, a cargo de la Base Operativa Sector Sur Suboficial\nPrincipal Gustavo Carlos D\u00edaz. <\/p>\n","protected":false},"excerpt":{"rendered":"<p>Fue reconocido por personal policial, como el supuesto autor del robo ocurrido el 1 de noviembre pasado. A la 1:30&hellip;<\/p>\n","protected":false},"author":3,"featured_media":3993,"comment_status":"closed","ping_status":"open","sticky":false,"template":"","format":"standard","meta":{"footnotes":""},"categories":[824],"tags":[66,67,836,269,270,271,471,572,635,637,638,825],"class_list":["post-6822","post","type-post","status-publish","format-standard","has-post-thumbnail","hentry","category-policiales-online","tag-arroyito","tag-arroyito-cordoba","tag-arroyito-online","tag-delincuencia","tag-delito","tag-delitos","tag-jovenes","tag-noticias-de-arroyito-y-zona","tag-policia","tag-policiales","tag-policiales-arroyito","tag-policiales-online"],"_links":{"self":[{"href":"https:\/\/arroyitoonline.com.ar\/index.php?rest_route=\/wp\/v2\/posts\/6822","targetHints":{"allow":["GET"]}}],"collection":[{"href":"https:\/\/arroyitoonline.com.ar\/index.php?rest_route=\/wp\/v2\/posts"}],"about":[{"href":"https:\/\/arroyitoonline.com.ar\/index.php?rest_route=\/wp\/v2\/types\/post"}],"author":[{"embeddable":true,"href":"https:\/\/arroyitoonline.com.ar\/index.php?rest_route=\/wp\/v2\/users\/3"}],"replies":[{"embeddable":true,"href":"https:\/\/arroyitoonline.com.ar\/index.php?rest_route=%2Fwp%2Fv2%2Fcomments&post=6822"}],"version-history":[{"count":2,"href":"https:\/\/arroyitoonline.com.ar\/index.php?rest_route=\/wp\/v2\/posts\/6822\/revisions"}],"predecessor-version":[{"id":6824,"href":"https:\/\/arroyitoonline.com.ar\/index.php?rest_route=\/wp\/v2\/posts\/6822\/revisions\/6824"}],"wp:featuredmedia":[{"embeddable":true,"href":"https:\/\/arroyitoonline.com.ar\/index.php?rest_route=\/wp\/v2\/media\/3993"}],"wp:attachment":[{"href":"https:\/\/arroyitoonline.com.ar\/index.php?rest_route=%2Fwp%2Fv2%2Fmedia&parent=6822"}],"wp:term":[{"taxonomy":"category","embeddable":true,"href":"https:\/\/arroyitoonline.com.ar\/index.php?rest_route=%2Fwp%2Fv2%2Fcategories&post=6822"},{"taxonomy":"post_tag","embeddable":true,"href":"https:\/\/arroyitoonline.com.ar\/index.php?rest_route=%2Fwp%2Fv2%2Ftags&post=6822"}],"curies":[{"name":"wp","href":"https:\/\/api.w.org\/{rel}","templated":true}]}}