{"id":6828,"date":"2019-12-11T12:05:29","date_gmt":"2019-12-11T12:05:29","guid":{"rendered":"https:\/\/arroyitoonline.com.ar\/?p=6828"},"modified":"2019-12-11T15:03:25","modified_gmt":"2019-12-11T15:03:25","slug":"referentes-del-frente-de-todos-arroyito-participaron-de-la-asuncion-de-alberto-fernandez","status":"publish","type":"post","link":"https:\/\/arroyitoonline.com.ar\/?p=6828","title":{"rendered":"Referentes del Frente de Todos Arroyito participaron de la asunci\u00f3n de Alberto Fern\u00e1ndez"},"content":{"rendered":"\n<p><strong>Una delegaci\u00f3n de nuestra ciudad dijo presente y no quiso perderse el traspaso de gobierno.<\/strong><\/p>\n\n\n\n<p>Ayer al mediod\u00eda se realiz\u00f3, en el Congreso de la Naci\u00f3n, la ceremonia a trav\u00e9s de la cual Alberto Fern\u00e1ndez y Cristina Fern\u00e1ndez de Kirchner juraron convirti\u00e9ndose en presidente y vicepresidenta argentinos, por los pr\u00f3ximos cuatro a\u00f1os.<\/p>\n\n\n\n<p>A la tarde se vivi\u00f3 una \u201cfiesta popular\u201d, con presencia de un gran n\u00famero de artistas que se subi\u00f3 al escenario: Roci\u00f3 Quiroz, Bruno Arias, S\u00faper Ratones, Arbolito, Iv\u00e1n Noble, Mala Fama, Los Tipitos, Bersuit Vergarabat, Litto Nebbia, entre otros; para el festejo de la multitud de seguidores de la f\u00f3rmula electa, que desde las primeras horas de la ma\u00f1ana, esperaban en las inmediaciones de Plaza de Mayo, el Obelisco y el Congreso Nacional.<\/p>\n\n\n\n<p>Entre la masiva concurrencia de militantes se encontraba una delegaci\u00f3n de Arroyito que \u201cauto gestion\u00f3\u201d su transporte. Al respecto, una de las presentes, Georgina Roberts, dijo a <strong>Arroyito Online<\/strong> que <em>&#8220;tenemos mucha alegr\u00eda, es una fiesta popular. la gente te mira y sonr\u00ede, se respira emoci\u00f3n y esperanza. En Plaza de Mayo hay mucha gente y hace mucho calor, pero la vigilia se vuelve fiesta, hay varios artistas tocando mientras esperamos las palabras de Alberto y Cristina&#8221;<\/em>. <\/p>\n\n\n\n<p>Fuentes: Georgina Roberts y Radio Cooperativa 91.3. <\/p>\n","protected":false},"excerpt":{"rendered":"<p>Una delegaci\u00f3n de nuestra ciudad dijo presente y no quiso perderse el traspaso de gobierno. Ayer al mediod\u00eda se realiz\u00f3,&hellip;<\/p>\n","protected":false},"author":3,"featured_media":6835,"comment_status":"closed","ping_status":"open","sticky":false,"template":"","format":"standard","meta":{"footnotes":""},"categories":[8,1],"tags":[66,67,836,990,403,857,572,1063],"class_list":["post-6828","post","type-post","status-publish","format-standard","has-post-thumbnail","hentry","category-politica","category-uncategorized","tag-arroyito","tag-arroyito-cordoba","tag-arroyito-online","tag-frente-de-todos","tag-gobierno","tag-gobierno-nacional","tag-noticias-de-arroyito-y-zona","tag-presidencia"],"_links":{"self":[{"href":"https:\/\/arroyitoonline.com.ar\/index.php?rest_route=\/wp\/v2\/posts\/6828","targetHints":{"allow":["GET"]}}],"collection":[{"href":"https:\/\/arroyitoonline.com.ar\/index.php?rest_route=\/wp\/v2\/posts"}],"about":[{"href":"https:\/\/arroyitoonline.com.ar\/index.php?rest_route=\/wp\/v2\/types\/post"}],"author":[{"embeddable":true,"href":"https:\/\/arroyitoonline.com.ar\/index.php?rest_route=\/wp\/v2\/users\/3"}],"replies":[{"embeddable":true,"href":"https:\/\/arroyitoonline.com.ar\/index.php?rest_route=%2Fwp%2Fv2%2Fcomments&post=6828"}],"version-history":[{"count":5,"href":"https:\/\/arroyitoonline.com.ar\/index.php?rest_route=\/wp\/v2\/posts\/6828\/revisions"}],"predecessor-version":[{"id":6847,"href":"https:\/\/arroyitoonline.com.ar\/index.php?rest_route=\/wp\/v2\/posts\/6828\/revisions\/6847"}],"wp:featuredmedia":[{"embeddable":true,"href":"https:\/\/arroyitoonline.com.ar\/index.php?rest_route=\/wp\/v2\/media\/6835"}],"wp:attachment":[{"href":"https:\/\/arroyitoonline.com.ar\/index.php?rest_route=%2Fwp%2Fv2%2Fmedia&parent=6828"}],"wp:term":[{"taxonomy":"category","embeddable":true,"href":"https:\/\/arroyitoonline.com.ar\/index.php?rest_route=%2Fwp%2Fv2%2Fcategories&post=6828"},{"taxonomy":"post_tag","embeddable":true,"href":"https:\/\/arroyitoonline.com.ar\/index.php?rest_route=%2Fwp%2Fv2%2Ftags&post=6828"}],"curies":[{"name":"wp","href":"https:\/\/api.w.org\/{rel}","templated":true}]}}