{"id":6837,"date":"2019-12-11T14:38:27","date_gmt":"2019-12-11T14:38:27","guid":{"rendered":"https:\/\/arroyitoonline.com.ar\/?p=6837"},"modified":"2019-12-11T14:40:32","modified_gmt":"2019-12-11T14:40:32","slug":"marcela-varrone-pidio-a-la-junta-electoral-que-se-respete-la-paridad-de-genero-en-el-tribunal-de-cuentas","status":"publish","type":"post","link":"https:\/\/arroyitoonline.com.ar\/?p=6837","title":{"rendered":"Marcela Varrone pidi\u00f3 a la Junta Electoral que se respete la paridad de g\u00e9nero en el Tribunal de Cuentas"},"content":{"rendered":"\n<p><strong>Envi\u00f3 una nota citando la Carta Org\u00e1nica y la normativa nacional, que le dar\u00edan la derecha para que sea ella quien asuma como vocal. <\/strong><\/p>\n\n\n\n<p>En una nota presentada ayer, dirigida a la presidenta de la Junta Electoral Municipal, Graciela S\u00e1nchez, Marcela Varrone pidi\u00f3 que se cumpla con lo indicado en el art\u00edculo 131 de la Carta Org\u00e1nica de nuestra ciudad, el cual reza que <em>\u201cLas listas de candidatos a concejales, convencionales y miembros del Tribunal de Cuentas no pueden superar el setenta por ciento (70%) de candidatos de un mismo sexo. La proporci\u00f3n se debe garantizar en los cargos titulares y suplentes\u201d<\/em>.<\/p>\n\n\n\n<figure class=\"wp-block-image\"><img loading=\"lazy\" decoding=\"async\" width=\"655\" height=\"1024\" src=\"https:\/\/arroyitoonline.com.ar\/wp-content\/uploads\/2019\/12\/nota-varrone-655x1024.jpg\" alt=\"\" class=\"wp-image-6841\" srcset=\"https:\/\/arroyitoonline.com.ar\/wp-content\/uploads\/2019\/12\/nota-varrone-655x1024.jpg 655w, https:\/\/arroyitoonline.com.ar\/wp-content\/uploads\/2019\/12\/nota-varrone-192x300.jpg 192w, https:\/\/arroyitoonline.com.ar\/wp-content\/uploads\/2019\/12\/nota-varrone-768x1201.jpg 768w, https:\/\/arroyitoonline.com.ar\/wp-content\/uploads\/2019\/12\/nota-varrone.jpg 900w\" sizes=\"auto, (max-width: 655px) 100vw, 655px\" \/><figcaption><em>La nota que Varrone envi\u00f3 ayer, a la Junta Electoral. <\/em><\/figcaption><\/figure>\n\n\n\n<p>Adem\u00e1s, en la nota, la contadora p\u00fablica explica que en el caso de que la segunda titular del Tribunal de Cuentas, Karem Martorella, solicite licencia para cubrir un cargo en el Ejecutivo \u2013ser\u00e1 la secretaria de Hacienda y Finanzas, <a href=\"https:\/\/arroyitoonline.com.ar\/municipales-online\/el-gabinete-de-benedetti-esposito-algunos-nuevos-nombres-y-varias-caras-conocidas\/https:\/\/arroyitoonline.com.ar\/municipales-online\/el-gabinete-de-benedetti-esposito-algunos-nuevos-nombres-y-varias-caras-conocidas\/\">tal como lo informaron a trav\u00e9s de un comunicado<\/a>&#8211; <em>\u201cse respete el m\u00e1ximo y proporci\u00f3n por g\u00e9nero\u201d<\/em>, en cuanto a cargos de Todos Juntos por Arroyito Lista A500, para esa vacante.<\/p>\n\n\n\n<figure class=\"wp-block-image\"><img loading=\"lazy\" decoding=\"async\" width=\"720\" height=\"720\" src=\"https:\/\/arroyitoonline.com.ar\/wp-content\/uploads\/2019\/12\/varrone-todos-juntos.jpg\" alt=\"\" class=\"wp-image-6839\" srcset=\"https:\/\/arroyitoonline.com.ar\/wp-content\/uploads\/2019\/12\/varrone-todos-juntos.jpg 720w, https:\/\/arroyitoonline.com.ar\/wp-content\/uploads\/2019\/12\/varrone-todos-juntos-150x150.jpg 150w, https:\/\/arroyitoonline.com.ar\/wp-content\/uploads\/2019\/12\/varrone-todos-juntos-300x300.jpg 300w\" sizes=\"auto, (max-width: 720px) 100vw, 720px\" \/><figcaption><em>La imagen de presentaci\u00f3n de Varrone usada durante la campa\u00f1a electoral<\/em><\/figcaption><\/figure>\n\n\n\n<p>La candidata a vocal suplente del Tribunal de Cuentas por Todos Juntos tambi\u00e9n cit\u00f3 la normativa de paridad de g\u00e9nero en \u00e1mbitos de representaci\u00f3n pol\u00edtica de Argentina sancionada el 23 de noviembre de 2017, por la Ley N\u00b0 24.712, la cual <em>\u201ces muy clara en su art\u00edculo 3, que modific\u00f3 el 164 respecto de los reemplazos, estableciendo que deben ser por alguien del mismo g\u00e9nero\u201d<\/em>.<\/p>\n\n\n\n<p>De esta manera, ser\u00eda Varrone quien deber\u00eda asumir en el cargo en cuesti\u00f3n cuando, durante el mediod\u00eda de hoy, juren los miembros del Tribunal, en un acto que tendr\u00e1 como sede el auditorio coral. <\/p>\n\n\n\n<p>Foto de portada: Facebook.<\/p>\n","protected":false},"excerpt":{"rendered":"<p>Envi\u00f3 una nota citando la Carta Org\u00e1nica y la normativa nacional, que le dar\u00edan la derecha para que sea ella&hellip;<\/p>\n","protected":false},"author":3,"featured_media":6838,"comment_status":"closed","ping_status":"open","sticky":false,"template":"","format":"standard","meta":{"footnotes":""},"categories":[8],"tags":[66,67,836,572,640,774],"class_list":["post-6837","post","type-post","status-publish","format-standard","has-post-thumbnail","hentry","category-politica","tag-arroyito","tag-arroyito-cordoba","tag-arroyito-online","tag-noticias-de-arroyito-y-zona","tag-politica","tag-tribunal-de-cuentas"],"_links":{"self":[{"href":"https:\/\/arroyitoonline.com.ar\/index.php?rest_route=\/wp\/v2\/posts\/6837","targetHints":{"allow":["GET"]}}],"collection":[{"href":"https:\/\/arroyitoonline.com.ar\/index.php?rest_route=\/wp\/v2\/posts"}],"about":[{"href":"https:\/\/arroyitoonline.com.ar\/index.php?rest_route=\/wp\/v2\/types\/post"}],"author":[{"embeddable":true,"href":"https:\/\/arroyitoonline.com.ar\/index.php?rest_route=\/wp\/v2\/users\/3"}],"replies":[{"embeddable":true,"href":"https:\/\/arroyitoonline.com.ar\/index.php?rest_route=%2Fwp%2Fv2%2Fcomments&post=6837"}],"version-history":[{"count":2,"href":"https:\/\/arroyitoonline.com.ar\/index.php?rest_route=\/wp\/v2\/posts\/6837\/revisions"}],"predecessor-version":[{"id":6843,"href":"https:\/\/arroyitoonline.com.ar\/index.php?rest_route=\/wp\/v2\/posts\/6837\/revisions\/6843"}],"wp:featuredmedia":[{"embeddable":true,"href":"https:\/\/arroyitoonline.com.ar\/index.php?rest_route=\/wp\/v2\/media\/6838"}],"wp:attachment":[{"href":"https:\/\/arroyitoonline.com.ar\/index.php?rest_route=%2Fwp%2Fv2%2Fmedia&parent=6837"}],"wp:term":[{"taxonomy":"category","embeddable":true,"href":"https:\/\/arroyitoonline.com.ar\/index.php?rest_route=%2Fwp%2Fv2%2Fcategories&post=6837"},{"taxonomy":"post_tag","embeddable":true,"href":"https:\/\/arroyitoonline.com.ar\/index.php?rest_route=%2Fwp%2Fv2%2Ftags&post=6837"}],"curies":[{"name":"wp","href":"https:\/\/api.w.org\/{rel}","templated":true}]}}