{"id":6858,"date":"2019-12-13T14:34:27","date_gmt":"2019-12-13T14:34:27","guid":{"rendered":"https:\/\/arroyitoonline.com.ar\/?p=6858"},"modified":"2019-12-13T14:34:41","modified_gmt":"2019-12-13T14:34:41","slug":"lafarina-se-despidio-de-la-funcion-publica-con-el-orgullo-del-deber-cumplido","status":"publish","type":"post","link":"https:\/\/arroyitoonline.com.ar\/?p=6858","title":{"rendered":"Lafarina se despidi\u00f3 de la funci\u00f3n p\u00fablica con el &#8220;orgullo del deber cumplido&#8221;"},"content":{"rendered":"\n<p><strong>El ingeniero hizo suyas, palabras de la flamante propietaria de una vivienda municipal: <\/strong><em><strong>&#8220;Estas fiestas las voy a pasar con mi familia, en nuestra casa propia&#8230; los sue\u00f1os se cumplen&#8221;<\/strong><\/em><strong>.<\/strong><\/p>\n\n\n\n<p>El martes pasado, luego de la entrega de la vivienda municipal n\u00famero 361, el \u00faltimo acto de la gesti\u00f3n Cravero, el secretario de Obras P\u00fablicas Daniel Lafarina se despidi\u00f3 de la funci\u00f3n p\u00fablica, al menos en esta etapa. <\/p>\n\n\n\n<p><em>&#8220;Quiero tomarme unos minutos para expresarles la emoci\u00f3n que viv\u00ed anoche en el acto donde entregamos la vivienda n\u00famero 361 que construimos y entregamos en 96 meses de gesti\u00f3n&#8221;<\/em>, dijo el ingeniero Civil en una carta que envi\u00f3 a los medios de comunicaci\u00f3n y public\u00f3 en sus redes sociales, y agreg\u00f3 que su paso por la cartera que encabez\u00f3 los \u00faltimos 44 meses <em>&#8220;fue una de las mejores experiencias de los \u00faltimos a\u00f1os, no solo por poder desarrollar mi amada profesi\u00f3n, sino porque cambio mucho mi vida, pude recorrer cada rinc\u00f3n de esta ciudad, pude entrar a sus casas, charlar, escucharlos&#8221;<\/em>.<br><\/p>\n\n\n\n<figure><iframe loading=\"lazy\" src=\"https:\/\/www.facebook.com\/plugins\/post.php?href=https%3A%2F%2Fwww.facebook.com%2Fintendentedaniel%2Fposts%2F588689358609599&amp;width=500\" width=\"500\" height=\"802\"><\/iframe><\/figure>\n\n\n\n<p>Tambi\u00e9n cont\u00f3 que, desde el \u00e1rea que estuvo a su cargo, <em>&#8220;hemos llevado adelante obras hist\u00f3ricas, que hac\u00eda a\u00f1os no se realizaban, hemos marcado un rumbo de crecimiento e inversi\u00f3n en todo lo que tiene que ver con las grandes obras, que sin lugar a dudas dudas han generado una transformaci\u00f3n hist\u00f3rica, mejorando la calidad de vida de nuestros vecinos&#8221;<\/em>.<br><\/p>\n\n\n\n<p>361 viviendas, Plan Integral de Desag\u00fces Pluviales, mejoras edilicias en muchas escuelas de nuestra ciudad y los parajes, recuperaci\u00f3n de la Costanera del Xanaes, puesta en valor de espacios m\u00e1s de 10 espacios p\u00fablicos y dependencias municipales, cord\u00f3n cuneta y adoquinado, nuevos espacios para nuestra cultura, obras para la salud, entre tantas otras de envergadura.<br><\/p>\n\n\n\n<p>&#8220;Por todas estas razones culmino esta etapa con la gran satisfacci\u00f3n y orgullo del deber cumplido, de la palabra empe\u00f1ada; me retiro feliz porque desde el primer d\u00eda hasta el \u00faltimo trabaj\u00e9 incansablemente por y para los vecinos de mi amada ciudad&#8221;, cerr\u00f3 el excandidato a intendente por la UCR y agradeci\u00f3 <em>&#8220;a todos los que me apoyaron, a los que me marcaron las cosas para corregir, siempre me van a encontrar trabajando por el progreso de nuestra ciudad&#8221;<\/em>.<\/p>\n","protected":false},"excerpt":{"rendered":"<p>El ingeniero hizo suyas, palabras de la flamante propietaria de una vivienda municipal: &#8220;Estas fiestas las voy a pasar con&hellip;<\/p>\n","protected":false},"author":3,"featured_media":6859,"comment_status":"closed","ping_status":"open","sticky":false,"template":"","format":"standard","meta":{"footnotes":""},"categories":[824],"tags":[66,67,836,837,555,556,572,578],"class_list":["post-6858","post","type-post","status-publish","format-standard","has-post-thumbnail","hentry","category-policiales-online","tag-arroyito","tag-arroyito-cordoba","tag-arroyito-online","tag-lafarina","tag-municipalidad","tag-municipalidad-de-arroyito","tag-noticias-de-arroyito-y-zona","tag-obras-publicas"],"_links":{"self":[{"href":"https:\/\/arroyitoonline.com.ar\/index.php?rest_route=\/wp\/v2\/posts\/6858","targetHints":{"allow":["GET"]}}],"collection":[{"href":"https:\/\/arroyitoonline.com.ar\/index.php?rest_route=\/wp\/v2\/posts"}],"about":[{"href":"https:\/\/arroyitoonline.com.ar\/index.php?rest_route=\/wp\/v2\/types\/post"}],"author":[{"embeddable":true,"href":"https:\/\/arroyitoonline.com.ar\/index.php?rest_route=\/wp\/v2\/users\/3"}],"replies":[{"embeddable":true,"href":"https:\/\/arroyitoonline.com.ar\/index.php?rest_route=%2Fwp%2Fv2%2Fcomments&post=6858"}],"version-history":[{"count":2,"href":"https:\/\/arroyitoonline.com.ar\/index.php?rest_route=\/wp\/v2\/posts\/6858\/revisions"}],"predecessor-version":[{"id":6861,"href":"https:\/\/arroyitoonline.com.ar\/index.php?rest_route=\/wp\/v2\/posts\/6858\/revisions\/6861"}],"wp:featuredmedia":[{"embeddable":true,"href":"https:\/\/arroyitoonline.com.ar\/index.php?rest_route=\/wp\/v2\/media\/6859"}],"wp:attachment":[{"href":"https:\/\/arroyitoonline.com.ar\/index.php?rest_route=%2Fwp%2Fv2%2Fmedia&parent=6858"}],"wp:term":[{"taxonomy":"category","embeddable":true,"href":"https:\/\/arroyitoonline.com.ar\/index.php?rest_route=%2Fwp%2Fv2%2Fcategories&post=6858"},{"taxonomy":"post_tag","embeddable":true,"href":"https:\/\/arroyitoonline.com.ar\/index.php?rest_route=%2Fwp%2Fv2%2Ftags&post=6858"}],"curies":[{"name":"wp","href":"https:\/\/api.w.org\/{rel}","templated":true}]}}