{"id":6878,"date":"2019-12-14T15:32:56","date_gmt":"2019-12-14T15:32:56","guid":{"rendered":"https:\/\/arroyitoonline.com.ar\/?p=6878"},"modified":"2019-12-14T15:32:58","modified_gmt":"2019-12-14T15:32:58","slug":"cespal-llama-a-concurso-de-precios-para-el-mantenimiento-de-ups","status":"publish","type":"post","link":"https:\/\/arroyitoonline.com.ar\/?p=6878","title":{"rendered":"Cespal llama a Concurso de Precios para el mantenimiento de UPS"},"content":{"rendered":"\n<p><strong>Es un trabajo que deber\u00e1 realizarse en distintos predios de la Cooperativa. El plazo para la presentaci\u00f3n de propuestas vence el viernes 20.<\/strong><\/p>\n\n\n\n<p>La Cooperativa de Electricidad y Servicios P\u00fablicos de Arroyito Limitada llama a Concurso de Precios N\u00b0 7153-19, para la contrataci\u00f3n del servicio de mantenimiento trimestral de UPS (fuente de suministro el\u00e9ctrico que posee una bater\u00eda con el fin de seguir dando energ\u00eda a un dispositivo en el caso de interrupci\u00f3n el\u00e9ctrica), en diversos predios de Cespal. Las tareas a realizarse deber\u00e1n presupuestarse seg\u00fan las condiciones detalladas a continuaci\u00f3n:<\/p>\n\n\n\n<ol class=\"wp-block-list\"><li>Controles a realizarse:<\/li><\/ol>\n\n\n\n<p>\u2022 Limpieza externa e interna de la unidad.<\/p>\n\n\n\n<p>\u2022 Medici\u00f3n de tensi\u00f3n y corriente de la entrada y salida de UPS.<\/p>\n\n\n\n<p>\u2022 Control de Temperatura.<\/p>\n\n\n\n<p>\u2022 Prueba de alarmas audibles y visuales.<\/p>\n\n\n\n<p>\u2022 Medici\u00f3n de Tensi\u00f3n por bater\u00eda, en descarga y Carga.<\/p>\n\n\n\n<p>\u2022 Verificaci\u00f3n y control de conexiones entre bater\u00edas y el resto del\nsistema.<\/p>\n\n\n\n<p>\u2022 Controles de ventiladores de aireaci\u00f3n forzada.<\/p>\n\n\n\n<p>\u2022 Verificar la correcta operaci\u00f3n de las bater\u00edas, mediante una prueba de\nautonom\u00eda y posterior carga.<\/p>\n\n\n\n<p>\u2022 Verificaci\u00f3n de la instalaci\u00f3n de puesta a tierra del sistema.<\/p>\n\n\n\n<p>\u2022 Verificaci\u00f3n de estado de carga.<\/p>\n\n\n\n<p>\u2022 Recambio de bater\u00edas<\/p>\n\n\n\n<p>\u2022 Asistencia t\u00e9cnica para emergencias:<\/p>\n\n\n\n<p>\u2013Coordinar una atenci\u00f3n primaria consistente de la asistencia de un t\u00e9cnico\ndentro del t\u00e9rmino de 24 horas de recibido el llamado y verificar causas del\nproblema.<\/p>\n\n\n\n<p>\u2013Identificar las causas y solucionarla in situ para que el equipo vuelva a\nprestar servicio.<\/p>\n\n\n\n<p>\u2013La empresa debe disponer de un tel\u00e9fono de guardia las 24 horas donde\npueda comunicarse la locataria.<\/p>\n\n\n\n<p>\u2022 Confecci\u00f3n de una planilla de servicio, con las mediciones y controles\nrealizados, cuestiones pendientes para una pr\u00f3xima visita y observaciones que, a\ncriterio t\u00e9cnico, merezcan destacarse. <\/p>\n\n\n\n<ul class=\"wp-block-list\"><li>Frecuencia y lugares: <\/li><\/ul>\n\n\n\n<p>El mantenimiento ser\u00e1 trimestral, anticipado, debiendo desarrollarse del 1\nal 15 de cada trimestre, comenzando en enero de 2020 en los siguientes predios\nde Cespal:<\/p>\n\n\n\n<p>\u2013Ubicaci\u00f3n de los mismos: Av. Fulvio Salvador Pagani 835 (Administraci\u00f3n);\nBelgrano 844 (Administraci\u00f3n); Carlos Favari 650 (Telecomunicaciones); Av.\nFulvio Salvador Pagani 830 (Galp\u00f3n Redes Elec.); Av. Fulvio Salvador Pagani 789\n(Estaci\u00f3n Marther); Av. Marcelino Bernardi 620 (Galp\u00f3n Obrador).<\/p>\n\n\n\n<ul class=\"wp-block-list\"><li>Coordinaci\u00f3n de Tareas de Mantenimiento:<\/li><\/ul>\n\n\n\n<p>El mantenimiento integral del sistema de energ\u00eda se concretar\u00e1 previa\nplanificaci\u00f3n con el jefe de mantenimiento de Cespal.<\/p>\n\n\n\n<p>La solicitud del Pliego de Condiciones debe hacerse en \u00e1rea de Compras<\/p>\n\n\n\n<p>RECEPCI\u00d3N DE OFERTAS: en sobre cerrado, hasta las 12:00 horas del d\u00eda viernes 20 de diciembre de 2019, en oficina de Compras de Cespal. <\/p>\n\n\n\n<p>APERTURA DE SOBRES: viernes 20 de diciembre de 2019 a las 12:15 horas, en oficina de Compras de Cespal. <\/p>\n\n\n\n<p>Foto solo a modo ilustrativo. <\/p>\n","protected":false},"excerpt":{"rendered":"<p>Es un trabajo que deber\u00e1 realizarse en distintos predios de la Cooperativa. El plazo para la presentaci\u00f3n de propuestas vence&hellip;<\/p>\n","protected":false},"author":3,"featured_media":6879,"comment_status":"closed","ping_status":"open","sticky":false,"template":"","format":"standard","meta":{"footnotes":""},"categories":[999],"tags":[66,67,836,183,229,240,241,495,572,609],"class_list":["post-6878","post","type-post","status-publish","format-standard","has-post-thumbnail","hentry","category-cooperativismo","tag-arroyito","tag-arroyito-cordoba","tag-arroyito-online","tag-cespal","tag-concurso-de-precios","tag-cooperativa","tag-cooperativismo","tag-licitacion","tag-noticias-de-arroyito-y-zona","tag-pedido-de-cotizacion"],"_links":{"self":[{"href":"https:\/\/arroyitoonline.com.ar\/index.php?rest_route=\/wp\/v2\/posts\/6878","targetHints":{"allow":["GET"]}}],"collection":[{"href":"https:\/\/arroyitoonline.com.ar\/index.php?rest_route=\/wp\/v2\/posts"}],"about":[{"href":"https:\/\/arroyitoonline.com.ar\/index.php?rest_route=\/wp\/v2\/types\/post"}],"author":[{"embeddable":true,"href":"https:\/\/arroyitoonline.com.ar\/index.php?rest_route=\/wp\/v2\/users\/3"}],"replies":[{"embeddable":true,"href":"https:\/\/arroyitoonline.com.ar\/index.php?rest_route=%2Fwp%2Fv2%2Fcomments&post=6878"}],"version-history":[{"count":1,"href":"https:\/\/arroyitoonline.com.ar\/index.php?rest_route=\/wp\/v2\/posts\/6878\/revisions"}],"predecessor-version":[{"id":6880,"href":"https:\/\/arroyitoonline.com.ar\/index.php?rest_route=\/wp\/v2\/posts\/6878\/revisions\/6880"}],"wp:featuredmedia":[{"embeddable":true,"href":"https:\/\/arroyitoonline.com.ar\/index.php?rest_route=\/wp\/v2\/media\/6879"}],"wp:attachment":[{"href":"https:\/\/arroyitoonline.com.ar\/index.php?rest_route=%2Fwp%2Fv2%2Fmedia&parent=6878"}],"wp:term":[{"taxonomy":"category","embeddable":true,"href":"https:\/\/arroyitoonline.com.ar\/index.php?rest_route=%2Fwp%2Fv2%2Fcategories&post=6878"},{"taxonomy":"post_tag","embeddable":true,"href":"https:\/\/arroyitoonline.com.ar\/index.php?rest_route=%2Fwp%2Fv2%2Ftags&post=6878"}],"curies":[{"name":"wp","href":"https:\/\/api.w.org\/{rel}","templated":true}]}}