{"id":6881,"date":"2019-12-10T13:50:39","date_gmt":"2019-12-10T13:50:39","guid":{"rendered":"https:\/\/arroyitoonline.com.ar\/?p=6881"},"modified":"2019-12-16T13:51:13","modified_gmt":"2019-12-16T13:51:13","slug":"presentaron-el-cancionero-arroyito","status":"publish","type":"post","link":"https:\/\/arroyitoonline.com.ar\/?p=6881","title":{"rendered":"Presentaron el Cancionero Arroyito"},"content":{"rendered":"\n<p><strong>Este proyecto compila obras musicales cuyo contenido expresa particularidades de nuestra ciudad, personajes, historias y lugares caracter\u00edsticos. <\/strong><\/p>\n\n\n\n<p>El mi\u00e9rcoles 5 de diciembre, en la Sala de Exposici\u00f3n Permanente de la Casa de la Cultura, se realiz\u00f3 la presentaci\u00f3n oficial del proyecto Cancionero Arroyitense, que consiste en la compilaci\u00f3n de obras musicales cuyo contenido exprese las particularidades de nuestra ciudad, como sus personajes, historias y lugares.<\/p>\n\n\n\n<p>Esto surgi\u00f3 tras la idea de Jorge Cometto, qui\u00e9n la acerc\u00f3 a las oficinas del Museo y su director se encarg\u00f3 de convertirlas en proyecto. En un primer momento el lanzamiento contar\u00e1 con 14 canciones:<\/p>\n\n\n\n<p>Hugo Arag\u00f3n (San Francisco): \u201cArroyito en mi coraz\u00f3n\u201d (canci\u00f3n).<\/p>\n\n\n\n<p>Gerardo Cravero (Arroyito): \u201cMar\u00eda de la Merced\u201d (zamba),<\/p>\n\n\n\n<p>Jorge Lemos (Formosa): \u201cZamba de Arroyito\u201d (zamba).<\/p>\n\n\n\n<p>Hugo Luque (C\u00f3rdoba): \u201cRuta 19\u201d (litorale\u00f1a) \u2013 \u201cSoy de Arroyito\u201d (zamba).<\/p>\n\n\n\n<p>Pablo Morello (Arroyito): \u201cMi tierra natal\u201d (chacarera).<\/p>\n\n\n\n<p>Beto Moya (Mar del Plata): &#8220;Camino a Arroyito&#8221; (zamba).<\/p>\n\n\n\n<p>Alejandro Ochoa, Juan Carlos Niz (Arroyito): \u201cVirgen de la Merced\u201d (vals) \u2013 \u201cAl museo de Arroyito\u201d (tonada).<\/p>\n\n\n\n<p>Juan Jos\u00e9 Oliva Olmos (Arroyito): \u201cA Don Pablo de Arroyito\u201d (vals).<\/p>\n\n\n\n<p>Alfredo Rivero (Arroyito): \u201cArroyito moderno\u201d (zamba).<\/p>\n\n\n\n<p>Miguel Sosa (Arroyito): \u201cDesaf\u00edo del Xanaes\u201d (zamba) \u2013 \u201cPor la misma huella\u201d (zamba).<\/p>\n\n\n\n<p>Daniel Vaca (Buenos Aires): \u201cLa de Arroyito\u201d (zamba).<\/p>\n\n\n\n<p>Cabe aclarar que se trata de obras musicales ya editadas, es decir con letra, m\u00fasica e int\u00e9rprete.<\/p>\n\n\n\n<p>Para esta concreci\u00f3n coordinada desde el Museo Municipal Jos\u00e9 D. Mercado y su director Gusvo Pav\u00f3n, se conform\u00f3 un equipo integrado por: \u00e1rea de Legales de la Municipalidad de Arroyito, comunicadora visual Guillermina Radici, remasterizaci\u00f3n y plataformas digitales Mauricio Lencinas, convocatoria y redes Irene San Vicente y asesoramiento de Gerardo Lemos.<\/p>\n\n\n\n<p>Cada obra musical podr\u00e1 ser escuchada y bajada por cualquier habitante del mundo desde YouTube, Deezer, Spotify, iTunes, entre otras. All\u00ed no solo podr\u00e1 descargarse la m\u00fasica, sino tambi\u00e9n la ficha t\u00e9cnica de cada obra.<\/p>\n\n\n\n<p>Este proyecto ya se encuentra avanzado en un 85% gracias al apoyo del intendente saliente Municipal Mauricio Cravero y quien fue la directora de Cultura durante su gesti\u00f3n, Viviana Sam Sam.&nbsp;<\/p>\n\n\n\n<p>Este proyecto ser\u00e1 el puntapi\u00e9 inicial de muchos otros, creando as\u00ed un colectivo musical que refleje las particularidades de Arroyito, a trav\u00e9s de la m\u00fasica.<\/p>\n\n\n\n<p>Fuente: Prensa Municipal. <\/p>\n","protected":false},"excerpt":{"rendered":"<p>Este proyecto compila obras musicales cuyo contenido expresa particularidades de nuestra ciudad, personajes, historias y lugares caracter\u00edsticos. El mi\u00e9rcoles 5&hellip;<\/p>\n","protected":false},"author":3,"featured_media":6882,"comment_status":"closed","ping_status":"open","sticky":false,"template":"","format":"standard","meta":{"footnotes":""},"categories":[2],"tags":[66,67,836,1064,864,351,862,559,572],"class_list":["post-6881","post","type-post","status-publish","format-standard","has-post-thumbnail","hentry","category-cultura-y-espectaculos","tag-arroyito","tag-arroyito-cordoba","tag-arroyito-online","tag-cancionero-arroyito","tag-cultura-y-espectaculos-online","tag-espectaculos","tag-espectaculos-online","tag-musica","tag-noticias-de-arroyito-y-zona"],"_links":{"self":[{"href":"https:\/\/arroyitoonline.com.ar\/index.php?rest_route=\/wp\/v2\/posts\/6881","targetHints":{"allow":["GET"]}}],"collection":[{"href":"https:\/\/arroyitoonline.com.ar\/index.php?rest_route=\/wp\/v2\/posts"}],"about":[{"href":"https:\/\/arroyitoonline.com.ar\/index.php?rest_route=\/wp\/v2\/types\/post"}],"author":[{"embeddable":true,"href":"https:\/\/arroyitoonline.com.ar\/index.php?rest_route=\/wp\/v2\/users\/3"}],"replies":[{"embeddable":true,"href":"https:\/\/arroyitoonline.com.ar\/index.php?rest_route=%2Fwp%2Fv2%2Fcomments&post=6881"}],"version-history":[{"count":3,"href":"https:\/\/arroyitoonline.com.ar\/index.php?rest_route=\/wp\/v2\/posts\/6881\/revisions"}],"predecessor-version":[{"id":6889,"href":"https:\/\/arroyitoonline.com.ar\/index.php?rest_route=\/wp\/v2\/posts\/6881\/revisions\/6889"}],"wp:featuredmedia":[{"embeddable":true,"href":"https:\/\/arroyitoonline.com.ar\/index.php?rest_route=\/wp\/v2\/media\/6882"}],"wp:attachment":[{"href":"https:\/\/arroyitoonline.com.ar\/index.php?rest_route=%2Fwp%2Fv2%2Fmedia&parent=6881"}],"wp:term":[{"taxonomy":"category","embeddable":true,"href":"https:\/\/arroyitoonline.com.ar\/index.php?rest_route=%2Fwp%2Fv2%2Fcategories&post=6881"},{"taxonomy":"post_tag","embeddable":true,"href":"https:\/\/arroyitoonline.com.ar\/index.php?rest_route=%2Fwp%2Fv2%2Ftags&post=6881"}],"curies":[{"name":"wp","href":"https:\/\/api.w.org\/{rel}","templated":true}]}}