{"id":6884,"date":"2019-12-16T13:23:15","date_gmt":"2019-12-16T13:23:15","guid":{"rendered":"https:\/\/arroyitoonline.com.ar\/?p=6884"},"modified":"2019-12-16T13:23:17","modified_gmt":"2019-12-16T13:23:17","slug":"infancia-segura-cerro-actividades-con-balance-positivo","status":"publish","type":"post","link":"https:\/\/arroyitoonline.com.ar\/?p=6884","title":{"rendered":"Infancia Segura cerr\u00f3 actividades, con balance positivo"},"content":{"rendered":"\n<p><strong>La fundaci\u00f3n expuso los avances anuales de las instituciones educativas, en en el marco del Programa Padrinazgo Escolar.<\/strong><\/p>\n\n\n\n<p>El jueves 5 de diciembre pasado, en la Rural, Infancia Segura desarroll\u00f3 su cierre anual de actividades. En la oportunidad asistieron el saliente intendente Mauricio Cravero; representantes del \u00e1rea de Educaci\u00f3n del primer mandatario entrante Gustavo Benedetti, Ver\u00f3nica Maritano y Patricia Cravero; la inspectora T\u00e9cnica de Jardines de Infantes Zona 2029, Viviana Romero; directivos de instituciones educativas de Arroyito y la zona y voluntarios de la Fundaci\u00f3n.<\/p>\n\n\n\n<p>Adem\u00e1s, se present\u00f3 el balance anual del Programa\nPadrinazgo Escolar, mostrando los avances que las entidades han logrado durante\neste ciclo lectivo y lo que a\u00fan resta por resolver. Tambi\u00e9n se le dieron\nrespuestas a las consultas que fueron surgiendo de los presentes.<\/p>\n\n\n\n<p><em>\u201cEstamos agradecidos con\ntodos los que asistieron y contentos por el trabajo colaborativo que, a\u00f1o tras\na\u00f1o, realizamos en conjunto con las instituciones educativas\u201d<\/em>, expresaron desde Infancia Segura.<\/p>\n","protected":false},"excerpt":{"rendered":"<p>La fundaci\u00f3n expuso los avances anuales de las instituciones educativas, en en el marco del Programa Padrinazgo Escolar. El jueves&hellip;<\/p>\n","protected":false},"author":3,"featured_media":6885,"comment_status":"closed","ping_status":"open","sticky":false,"template":"","format":"standard","meta":{"footnotes":""},"categories":[830],"tags":[66,67,836,310,392,440,570,572,723],"class_list":["post-6884","post","type-post","status-publish","format-standard","has-post-thumbnail","hentry","category-educacion-online","tag-arroyito","tag-arroyito-cordoba","tag-arroyito-online","tag-educacion","tag-fundacion-infancia-segura","tag-infancia-segura","tag-ninez","tag-noticias-de-arroyito-y-zona","tag-seguridad"],"_links":{"self":[{"href":"https:\/\/arroyitoonline.com.ar\/index.php?rest_route=\/wp\/v2\/posts\/6884","targetHints":{"allow":["GET"]}}],"collection":[{"href":"https:\/\/arroyitoonline.com.ar\/index.php?rest_route=\/wp\/v2\/posts"}],"about":[{"href":"https:\/\/arroyitoonline.com.ar\/index.php?rest_route=\/wp\/v2\/types\/post"}],"author":[{"embeddable":true,"href":"https:\/\/arroyitoonline.com.ar\/index.php?rest_route=\/wp\/v2\/users\/3"}],"replies":[{"embeddable":true,"href":"https:\/\/arroyitoonline.com.ar\/index.php?rest_route=%2Fwp%2Fv2%2Fcomments&post=6884"}],"version-history":[{"count":1,"href":"https:\/\/arroyitoonline.com.ar\/index.php?rest_route=\/wp\/v2\/posts\/6884\/revisions"}],"predecessor-version":[{"id":6886,"href":"https:\/\/arroyitoonline.com.ar\/index.php?rest_route=\/wp\/v2\/posts\/6884\/revisions\/6886"}],"wp:featuredmedia":[{"embeddable":true,"href":"https:\/\/arroyitoonline.com.ar\/index.php?rest_route=\/wp\/v2\/media\/6885"}],"wp:attachment":[{"href":"https:\/\/arroyitoonline.com.ar\/index.php?rest_route=%2Fwp%2Fv2%2Fmedia&parent=6884"}],"wp:term":[{"taxonomy":"category","embeddable":true,"href":"https:\/\/arroyitoonline.com.ar\/index.php?rest_route=%2Fwp%2Fv2%2Fcategories&post=6884"},{"taxonomy":"post_tag","embeddable":true,"href":"https:\/\/arroyitoonline.com.ar\/index.php?rest_route=%2Fwp%2Fv2%2Ftags&post=6884"}],"curies":[{"name":"wp","href":"https:\/\/api.w.org\/{rel}","templated":true}]}}