{"id":6894,"date":"2019-12-16T17:02:52","date_gmt":"2019-12-16T17:02:52","guid":{"rendered":"https:\/\/arroyitoonline.com.ar\/?p=6894"},"modified":"2019-12-16T17:53:27","modified_gmt":"2019-12-16T17:53:27","slug":"cuento-viejo-es-finalista-del-pre-cosquin-rock-2020-y-lo-festeja-con-el-lanzamiento-de-que-sea","status":"publish","type":"post","link":"https:\/\/arroyitoonline.com.ar\/?p=6894","title":{"rendered":"Cuento Viejo es finalista del Pre Cosqu\u00edn Rock 2020 y lo festeja con el lanzamiento de &#8220;Que sea&#8221;"},"content":{"rendered":"\n<p><strong>Con As\u00ed Estamos, tambi\u00e9n de Arroyito, buscar\u00e1n un lugar en el festival rockero m\u00e1s grande del pa\u00eds. Adem\u00e1s, este mi\u00e9rcoles 18, debuta el nuevo single de Mat\u00edas Mendoza y compa\u00f1\u00eda.<\/strong><\/p>\n\n\n\n<p>Anoche, Cuento Viejo toc\u00f3 por primera vez en La Tordilla, en el marco de la apertura de la temporada de pileta, con gran asistencia de p\u00fablico. Este debut cuentero en la vecina localidad viene de la mano de grandes noticias que, desde el comienzo de este \u00faltimo mes del a\u00f1o, fueron anunciadas por la banda m\u00e1s fiestera de la ciudad. <\/p>\n\n\n\n<p>En primer lugar, el 3 de diciembre pasado, se conoci\u00f3 que tanto Cuento Viejo como As\u00ed Estamos, ambas de Arroyito, resultaron finalistas del Pre Cosqu\u00edn Rock. En este marco, solo 10 bandas de toda la zona \u2013entre las que se encuentran las dos locales- se presentar\u00e1n en el Centro Cultural San Francisco, este s\u00e1bado 28 de diciembre, donde buscar\u00e1n adue\u00f1arse de la \u00fanica vacante, que los deposite en la edici\u00f3n 20\u00b0 Aniversario del festival rockero m\u00e1s grande del pa\u00eds. La decisi\u00f3n quedar\u00e1 en manos del p\u00fablico presente y el jurado. <\/p>\n\n\n\n<div class=\"wp-block-image\"><figure class=\"aligncenter\"><img loading=\"lazy\" decoding=\"async\" width=\"720\" height=\"720\" src=\"https:\/\/arroyitoonline.com.ar\/wp-content\/uploads\/2019\/12\/pre-cosqu\u00edn-2020-cuento-viejo.jpg\" alt=\"\" class=\"wp-image-6895\" srcset=\"https:\/\/arroyitoonline.com.ar\/wp-content\/uploads\/2019\/12\/pre-cosqu\u00edn-2020-cuento-viejo.jpg 720w, https:\/\/arroyitoonline.com.ar\/wp-content\/uploads\/2019\/12\/pre-cosqu\u00edn-2020-cuento-viejo-150x150.jpg 150w, https:\/\/arroyitoonline.com.ar\/wp-content\/uploads\/2019\/12\/pre-cosqu\u00edn-2020-cuento-viejo-300x300.jpg 300w\" sizes=\"auto, (max-width: 720px) 100vw, 720px\" \/><figcaption><em>El flyer a trav\u00e9s del cual se conoci\u00f3 la noticia de que dos bandas de Arroyito, Cuento Viejo y As\u00ed Estamos buscar\u00e1n un lugar en el festival rockero m\u00e1s grande del pa\u00eds. <\/em><\/figcaption><\/figure><\/div>\n\n\n\n<p>Pero, eso no es todo para Mat\u00edas Mendoza y compa\u00f1\u00eda. Adem\u00e1s, y luego del <a href=\"https:\/\/arroyitoonline.com.ar\/info-online\/espectaculos-online\/el-primer-videoclip-de-cuento-viejo-ya-supera-las-1500-reproducciones\/\">exitoso lanzamiento de Viejo<\/a>, su primer single comercial, se viene el segundo sencillo. <\/p>\n\n\n\n<div class=\"wp-block-image\"><figure class=\"aligncenter\"><img loading=\"lazy\" decoding=\"async\" width=\"960\" height=\"960\" src=\"https:\/\/arroyitoonline.com.ar\/wp-content\/uploads\/2019\/12\/cuento-viejo-que-sea.jpg\" alt=\"\" class=\"wp-image-6896\" srcset=\"https:\/\/arroyitoonline.com.ar\/wp-content\/uploads\/2019\/12\/cuento-viejo-que-sea.jpg 960w, https:\/\/arroyitoonline.com.ar\/wp-content\/uploads\/2019\/12\/cuento-viejo-que-sea-150x150.jpg 150w, https:\/\/arroyitoonline.com.ar\/wp-content\/uploads\/2019\/12\/cuento-viejo-que-sea-300x300.jpg 300w, https:\/\/arroyitoonline.com.ar\/wp-content\/uploads\/2019\/12\/cuento-viejo-que-sea-768x768.jpg 768w\" sizes=\"auto, (max-width: 960px) 100vw, 960px\" \/><figcaption><em>El mi\u00e9rcoles 18, &#8220;Que sea&#8221; estar\u00e1 disponible en todas las plataformas digitales.<\/em><\/figcaption><\/figure><\/div>\n\n\n\n<p>Se trata de <em>&#8220;Que sea&#8221;<\/em>, canci\u00f3n de autor\u00eda propia que llegar\u00e1, en los primeros minutos de este mi\u00e9rcoles 18, a todas las plataformas digitales. El hit, que ya suena en algunos shows en vivo de los Cuento, ahora estar\u00e1 disponible en YouTube, Spotify, entre otras.<\/p>\n\n\n\n<p><em>&#8220;La escribi\u00f3 Maxi Torres, que estaba cuando empez\u00f3 con la banda. Sale con un video lyric \u2013solo con la letra-. Habla sobre superarse, pelearla todos los d\u00edas; tiene mucha energ\u00eda y fuerza. Creo que es el tema que m\u00e1s nos representa en la actualidad&#8221;<\/em>, explic\u00f3 Mat\u00edas Vieyra, vocero de la banda, a <strong>Arroyito Online<\/strong>.<\/p>\n","protected":false},"excerpt":{"rendered":"<p>Con As\u00ed Estamos, tambi\u00e9n de Arroyito, buscar\u00e1n un lugar en el festival rockero m\u00e1s grande del pa\u00eds. Adem\u00e1s, este mi\u00e9rcoles&hellip;<\/p>\n","protected":false},"author":3,"featured_media":5993,"comment_status":"closed","ping_status":"open","sticky":false,"template":"","format":"standard","meta":{"footnotes":""},"categories":[826],"tags":[66,67,836,250,831,351,862,559,572,695,710],"class_list":["post-6894","post","type-post","status-publish","format-standard","has-post-thumbnail","hentry","category-espectaculos-online","tag-arroyito","tag-arroyito-cordoba","tag-arroyito-online","tag-cosquin","tag-cuento-viejo","tag-espectaculos","tag-espectaculos-online","tag-musica","tag-noticias-de-arroyito-y-zona","tag-rock","tag-san-francisco"],"_links":{"self":[{"href":"https:\/\/arroyitoonline.com.ar\/index.php?rest_route=\/wp\/v2\/posts\/6894","targetHints":{"allow":["GET"]}}],"collection":[{"href":"https:\/\/arroyitoonline.com.ar\/index.php?rest_route=\/wp\/v2\/posts"}],"about":[{"href":"https:\/\/arroyitoonline.com.ar\/index.php?rest_route=\/wp\/v2\/types\/post"}],"author":[{"embeddable":true,"href":"https:\/\/arroyitoonline.com.ar\/index.php?rest_route=\/wp\/v2\/users\/3"}],"replies":[{"embeddable":true,"href":"https:\/\/arroyitoonline.com.ar\/index.php?rest_route=%2Fwp%2Fv2%2Fcomments&post=6894"}],"version-history":[{"count":2,"href":"https:\/\/arroyitoonline.com.ar\/index.php?rest_route=\/wp\/v2\/posts\/6894\/revisions"}],"predecessor-version":[{"id":6898,"href":"https:\/\/arroyitoonline.com.ar\/index.php?rest_route=\/wp\/v2\/posts\/6894\/revisions\/6898"}],"wp:featuredmedia":[{"embeddable":true,"href":"https:\/\/arroyitoonline.com.ar\/index.php?rest_route=\/wp\/v2\/media\/5993"}],"wp:attachment":[{"href":"https:\/\/arroyitoonline.com.ar\/index.php?rest_route=%2Fwp%2Fv2%2Fmedia&parent=6894"}],"wp:term":[{"taxonomy":"category","embeddable":true,"href":"https:\/\/arroyitoonline.com.ar\/index.php?rest_route=%2Fwp%2Fv2%2Fcategories&post=6894"},{"taxonomy":"post_tag","embeddable":true,"href":"https:\/\/arroyitoonline.com.ar\/index.php?rest_route=%2Fwp%2Fv2%2Ftags&post=6894"}],"curies":[{"name":"wp","href":"https:\/\/api.w.org\/{rel}","templated":true}]}}