{"id":6906,"date":"2019-12-17T02:16:08","date_gmt":"2019-12-17T02:16:08","guid":{"rendered":"https:\/\/arroyitoonline.com.ar\/?p=6906"},"modified":"2019-12-17T02:16:10","modified_gmt":"2019-12-17T02:16:10","slug":"amenazaba-a-dos-jovenes-con-una-cuchilla-y-fue-detenido","status":"publish","type":"post","link":"https:\/\/arroyitoonline.com.ar\/?p=6906","title":{"rendered":"Amenazaba a dos j\u00f3venes con una cuchilla y fue detenido"},"content":{"rendered":"\n<p><strong>Ocurri\u00f3 en la zona del Balneario Municipal. El sujeto, de 33 a\u00f1os, fue hallado por la Polic\u00eda con el arma blanca entre la ropa. <\/strong><\/p>\n\n\n\n<p>A las 8:40 horas del s\u00e1bado 14, un m\u00f3vil policial se dirigi\u00f3 hasta la intersecci\u00f3n de la Av. Bernardo Erb y el Bv. Per\u00f3n (Costanera). All\u00ed, los uniformados entrevistaron a un joven (27) y una chica (20), ambos de Arroyito, los cuales adujeron que estaban siendo perseguidos y amenazados por un sujeto que ten\u00eda una cuchilla en la mano.<\/p>\n\n\n\n<p>Con las caracter\u00edsticas aportadas, personal policial realiz\u00f3 un patrullaje en la zona del Balneario dando con el hombre buscado (33). Cuando fue requisado encontraron entre su ropa una cuchilla tipo carnicer\u00eda con hoja de 20 cent\u00edmetros de largo y mango de pl\u00e1stico color negro. <\/p>\n\n\n\n<p>El sujeto\nfue aprehendido y trasladado a la Comisar\u00eda local quedando alojado a\ndisposici\u00f3n de la Fiscal\u00eda de Instrucci\u00f3n de Arroyito. <\/p>\n\n\n\n<p>Fuente:\ninforme de la oficial Principal Jesica Paz, a cargo de la Base Operativa Sector\nSur Sub Oficial Principal Gustavo Carlos D\u00edaz. <\/p>\n","protected":false},"excerpt":{"rendered":"<p>Ocurri\u00f3 en la zona del Balneario Municipal. El sujeto, de 33 a\u00f1os, fue hallado por la Polic\u00eda con el arma&hellip;<\/p>\n","protected":false},"author":3,"featured_media":3993,"comment_status":"closed","ping_status":"open","sticky":false,"template":"","format":"standard","meta":{"footnotes":""},"categories":[824],"tags":[921,66,67,836,471,572,635,637,638,825],"class_list":["post-6906","post","type-post","status-publish","format-standard","has-post-thumbnail","hentry","category-policiales-online","tag-amenaza","tag-arroyito","tag-arroyito-cordoba","tag-arroyito-online","tag-jovenes","tag-noticias-de-arroyito-y-zona","tag-policia","tag-policiales","tag-policiales-arroyito","tag-policiales-online"],"_links":{"self":[{"href":"https:\/\/arroyitoonline.com.ar\/index.php?rest_route=\/wp\/v2\/posts\/6906","targetHints":{"allow":["GET"]}}],"collection":[{"href":"https:\/\/arroyitoonline.com.ar\/index.php?rest_route=\/wp\/v2\/posts"}],"about":[{"href":"https:\/\/arroyitoonline.com.ar\/index.php?rest_route=\/wp\/v2\/types\/post"}],"author":[{"embeddable":true,"href":"https:\/\/arroyitoonline.com.ar\/index.php?rest_route=\/wp\/v2\/users\/3"}],"replies":[{"embeddable":true,"href":"https:\/\/arroyitoonline.com.ar\/index.php?rest_route=%2Fwp%2Fv2%2Fcomments&post=6906"}],"version-history":[{"count":1,"href":"https:\/\/arroyitoonline.com.ar\/index.php?rest_route=\/wp\/v2\/posts\/6906\/revisions"}],"predecessor-version":[{"id":6907,"href":"https:\/\/arroyitoonline.com.ar\/index.php?rest_route=\/wp\/v2\/posts\/6906\/revisions\/6907"}],"wp:featuredmedia":[{"embeddable":true,"href":"https:\/\/arroyitoonline.com.ar\/index.php?rest_route=\/wp\/v2\/media\/3993"}],"wp:attachment":[{"href":"https:\/\/arroyitoonline.com.ar\/index.php?rest_route=%2Fwp%2Fv2%2Fmedia&parent=6906"}],"wp:term":[{"taxonomy":"category","embeddable":true,"href":"https:\/\/arroyitoonline.com.ar\/index.php?rest_route=%2Fwp%2Fv2%2Fcategories&post=6906"},{"taxonomy":"post_tag","embeddable":true,"href":"https:\/\/arroyitoonline.com.ar\/index.php?rest_route=%2Fwp%2Fv2%2Ftags&post=6906"}],"curies":[{"name":"wp","href":"https:\/\/api.w.org\/{rel}","templated":true}]}}