{"id":6916,"date":"2019-12-17T20:13:02","date_gmt":"2019-12-17T20:13:02","guid":{"rendered":"https:\/\/arroyitoonline.com.ar\/?p=6916"},"modified":"2019-12-17T22:30:12","modified_gmt":"2019-12-17T22:30:12","slug":"la-lidianeta-fue-donada-a-acercar","status":"publish","type":"post","link":"https:\/\/arroyitoonline.com.ar\/?p=6916","title":{"rendered":"La Lidianeta fue donada a Acercar"},"content":{"rendered":"\n<p><strong>Las llaves del veh\u00edculo fueron entregadas por Lidia Mart\u00ednez y su grupo de trabajo a la presidenta de la entidad, Mirian Bonetto.<\/strong><\/p>\n\n\n\n<p>El s\u00e1bado pasado, miembros de la l\u00ednea interna del Radicalismo que trabaj\u00f3 en las \u00faltimas elecciones para la concejala Lidia Mart\u00ednez visit\u00f3 Acercar llevando una donaci\u00f3n. <\/p>\n\n\n\n<figure><iframe loading=\"lazy\" src=\"https:\/\/www.facebook.com\/plugins\/post.php?href=https%3A%2F%2Fwww.facebook.com%2FACERCAR.ARROYITO%2Fposts%2F3028930893787738&amp;width=500\" width=\"500\" height=\"783\"><\/iframe><\/figure>\n\n\n\n<p>Se trata del veh\u00edculo utilizado para la campa\u00f1a pol\u00edtica, una Renoleta modelo 1966 \u2013acondicionada por el mec\u00e1nico Michel Mago (FOTO)-, que fue puesto a disposici\u00f3n de la querida instituci\u00f3n local, para darle el uso que desde la entidad crean conveniente.<\/p>\n\n\n\n<p>Las llaves del auto fueron recibidas por la presidenta de Acercar, Mirian Bonetto. <em>\u201cTodo Acercar agradece este gesto y tratar\u00e1 de darle el mejor destino posible\u201d<\/em>, expresaron desde la instituci\u00f3n que recibe y contiene, en su centro de d\u00eda, a personas con discapacidad. <\/p>\n","protected":false},"excerpt":{"rendered":"<p>Las llaves del veh\u00edculo fueron entregadas por Lidia Mart\u00ednez y su grupo de trabajo a la presidenta de la entidad,&hellip;<\/p>\n","protected":false},"author":3,"featured_media":6917,"comment_status":"closed","ping_status":"open","sticky":false,"template":"","format":"standard","meta":{"footnotes":""},"categories":[8,860],"tags":[25,66,67,836,300,496,572,640,871,738],"class_list":["post-6916","post","type-post","status-publish","format-standard","has-post-thumbnail","hentry","category-politica","category-solidaridad-online","tag-acercar","tag-arroyito","tag-arroyito-cordoba","tag-arroyito-online","tag-donacion","tag-lidia-martinez","tag-noticias-de-arroyito-y-zona","tag-politica","tag-radicalismo","tag-solidaridad"],"_links":{"self":[{"href":"https:\/\/arroyitoonline.com.ar\/index.php?rest_route=\/wp\/v2\/posts\/6916","targetHints":{"allow":["GET"]}}],"collection":[{"href":"https:\/\/arroyitoonline.com.ar\/index.php?rest_route=\/wp\/v2\/posts"}],"about":[{"href":"https:\/\/arroyitoonline.com.ar\/index.php?rest_route=\/wp\/v2\/types\/post"}],"author":[{"embeddable":true,"href":"https:\/\/arroyitoonline.com.ar\/index.php?rest_route=\/wp\/v2\/users\/3"}],"replies":[{"embeddable":true,"href":"https:\/\/arroyitoonline.com.ar\/index.php?rest_route=%2Fwp%2Fv2%2Fcomments&post=6916"}],"version-history":[{"count":3,"href":"https:\/\/arroyitoonline.com.ar\/index.php?rest_route=\/wp\/v2\/posts\/6916\/revisions"}],"predecessor-version":[{"id":6922,"href":"https:\/\/arroyitoonline.com.ar\/index.php?rest_route=\/wp\/v2\/posts\/6916\/revisions\/6922"}],"wp:featuredmedia":[{"embeddable":true,"href":"https:\/\/arroyitoonline.com.ar\/index.php?rest_route=\/wp\/v2\/media\/6917"}],"wp:attachment":[{"href":"https:\/\/arroyitoonline.com.ar\/index.php?rest_route=%2Fwp%2Fv2%2Fmedia&parent=6916"}],"wp:term":[{"taxonomy":"category","embeddable":true,"href":"https:\/\/arroyitoonline.com.ar\/index.php?rest_route=%2Fwp%2Fv2%2Fcategories&post=6916"},{"taxonomy":"post_tag","embeddable":true,"href":"https:\/\/arroyitoonline.com.ar\/index.php?rest_route=%2Fwp%2Fv2%2Ftags&post=6916"}],"curies":[{"name":"wp","href":"https:\/\/api.w.org\/{rel}","templated":true}]}}