{"id":6923,"date":"2019-12-18T12:23:19","date_gmt":"2019-12-18T12:23:19","guid":{"rendered":"https:\/\/arroyitoonline.com.ar\/?p=6923"},"modified":"2019-12-18T12:28:34","modified_gmt":"2019-12-18T12:28:34","slug":"gardelia-aviso-que-su-relacion-contractual-con-el-municipio-finalizo-el-10-12","status":"publish","type":"post","link":"https:\/\/arroyitoonline.com.ar\/?p=6923","title":{"rendered":"Gardelia avis\u00f3 que su relaci\u00f3n &#8220;contractual&#8221; con el Municipio finaliz\u00f3 el 10\/12"},"content":{"rendered":"\n<p><strong>En un comunicado emitido ayer, la comparsa ratific\u00f3 su independencia y lament\u00f3 la <em>&#8220;mala f\u00e9 y desconocimiento funcional&#8221;<\/em> de nuevos miembros del \u00e1rea Cultura.<\/strong><\/p>\n\n\n\n<p>Anoche, tras conocerse un video donde nuevos miembros del \u00e1rea municipal de Cultura abren las puertas de la ADA (Agencia de Desarrollo Arroyito) y manifiestan que no encuentran los elementos correspondientes a Gardelia que estaban depositados en ese lugar, la comparsa emiti\u00f3 un comunicado. <\/p>\n\n\n\n<p>En el texto se aclara que no existe ning\u00fan decreto u ordenanza que establezca que la comparsa pertenece al Municipio, que se cre\u00f3 y trabaj\u00f3 de manera independiente de la actividad cultural municipal manteniendo con la gesti\u00f3n, finalizada el 10 de diciembre pasado, una relaci\u00f3n contractual. <\/p>\n\n\n\n<figure class=\"wp-block-image\"><img loading=\"lazy\" decoding=\"async\" width=\"826\" height=\"1024\" src=\"https:\/\/arroyitoonline.com.ar\/wp-content\/uploads\/2019\/12\/IMG-20191218-WA0000-826x1024.jpg\" alt=\"\" class=\"wp-image-6924\" srcset=\"https:\/\/arroyitoonline.com.ar\/wp-content\/uploads\/2019\/12\/IMG-20191218-WA0000-826x1024.jpg 826w, https:\/\/arroyitoonline.com.ar\/wp-content\/uploads\/2019\/12\/IMG-20191218-WA0000-242x300.jpg 242w, https:\/\/arroyitoonline.com.ar\/wp-content\/uploads\/2019\/12\/IMG-20191218-WA0000-768x952.jpg 768w, https:\/\/arroyitoonline.com.ar\/wp-content\/uploads\/2019\/12\/IMG-20191218-WA0000.jpg 1033w\" sizes=\"auto, (max-width: 826px) 100vw, 826px\" \/><figcaption><em>El comunicado de Gardelia enviado a los medios, en hoja membretada, que ratifica la independencia de la comparsa.<\/em><\/figcaption><\/figure>\n\n\n\n<p>Gardelia ten\u00eda con el Municipio un convenio de trabajo conjunto<em> &#8220;por el cual participamos de los festejos de Carnaval durante los per\u00edodos 2015, 2016, 2017, 2018 y 2019&#8221;<\/em>, expresaron y avisaron que devolvieron al Ejecutivo Municipal las llaves pertenecientes a los lugares f\u00edsicos utilizados para los ensayos, reuniones y trabajo de confecci\u00f3n de trajes y espaldares (Teatrillo Municipal y ADA).<\/p>\n\n\n\n<p>Tambi\u00e9n informaron que la emisi\u00f3n del comunicado responde a <em>&#8220;la mala f\u00e9, la actitud maliciosa y el desconocimiento funcional de algunos de los nuevos integrantes del \u00e1rea de Cultura&#8221; <\/em>aseverando que todo se dio en el marco legal correspondiente y que la gesti\u00f3n actual podr\u00e1 auditar <em>&#8220;para corroborar cada palabra&#8221;<\/em>.<\/p>\n","protected":false},"excerpt":{"rendered":"<p>En un comunicado emitido ayer, la comparsa ratific\u00f3 su independencia y lament\u00f3 la &#8220;mala f\u00e9 y desconocimiento funcional&#8221; de nuevos&hellip;<\/p>\n","protected":false},"author":3,"featured_media":6925,"comment_status":"closed","ping_status":"open","sticky":false,"template":"","format":"standard","meta":{"footnotes":""},"categories":[2],"tags":[66,67,836,155,221,864,351,862,395,555,556,572],"class_list":["post-6923","post","type-post","status-publish","format-standard","has-post-thumbnail","hentry","category-cultura-y-espectaculos","tag-arroyito","tag-arroyito-cordoba","tag-arroyito-online","tag-carnaval","tag-comparsas","tag-cultura-y-espectaculos-online","tag-espectaculos","tag-espectaculos-online","tag-gardelia","tag-municipalidad","tag-municipalidad-de-arroyito","tag-noticias-de-arroyito-y-zona"],"_links":{"self":[{"href":"https:\/\/arroyitoonline.com.ar\/index.php?rest_route=\/wp\/v2\/posts\/6923","targetHints":{"allow":["GET"]}}],"collection":[{"href":"https:\/\/arroyitoonline.com.ar\/index.php?rest_route=\/wp\/v2\/posts"}],"about":[{"href":"https:\/\/arroyitoonline.com.ar\/index.php?rest_route=\/wp\/v2\/types\/post"}],"author":[{"embeddable":true,"href":"https:\/\/arroyitoonline.com.ar\/index.php?rest_route=\/wp\/v2\/users\/3"}],"replies":[{"embeddable":true,"href":"https:\/\/arroyitoonline.com.ar\/index.php?rest_route=%2Fwp%2Fv2%2Fcomments&post=6923"}],"version-history":[{"count":2,"href":"https:\/\/arroyitoonline.com.ar\/index.php?rest_route=\/wp\/v2\/posts\/6923\/revisions"}],"predecessor-version":[{"id":6928,"href":"https:\/\/arroyitoonline.com.ar\/index.php?rest_route=\/wp\/v2\/posts\/6923\/revisions\/6928"}],"wp:featuredmedia":[{"embeddable":true,"href":"https:\/\/arroyitoonline.com.ar\/index.php?rest_route=\/wp\/v2\/media\/6925"}],"wp:attachment":[{"href":"https:\/\/arroyitoonline.com.ar\/index.php?rest_route=%2Fwp%2Fv2%2Fmedia&parent=6923"}],"wp:term":[{"taxonomy":"category","embeddable":true,"href":"https:\/\/arroyitoonline.com.ar\/index.php?rest_route=%2Fwp%2Fv2%2Fcategories&post=6923"},{"taxonomy":"post_tag","embeddable":true,"href":"https:\/\/arroyitoonline.com.ar\/index.php?rest_route=%2Fwp%2Fv2%2Ftags&post=6923"}],"curies":[{"name":"wp","href":"https:\/\/api.w.org\/{rel}","templated":true}]}}