{"id":6929,"date":"2019-12-19T12:48:58","date_gmt":"2019-12-19T12:48:58","guid":{"rendered":"https:\/\/arroyitoonline.com.ar\/?p=6929"},"modified":"2019-12-19T12:49:03","modified_gmt":"2019-12-19T12:49:03","slug":"supermercados-de-arroyito-abriran-los-domingos-22-y-29-de-diciembre","status":"publish","type":"post","link":"https:\/\/arroyitoonline.com.ar\/?p=6929","title":{"rendered":"Supermercados de Arroyito abrir\u00e1n los domingos 22 y 29 de diciembre"},"content":{"rendered":"\n<p><strong>Desde la nueva gesti\u00f3n municipal, comunicaron que <\/strong><em><strong>&#8220;no hay objeci\u00f3n para la apertura exclusiva&#8221;<\/strong><\/em><strong> en esos dos d\u00edas. <\/strong><\/p>\n\n\n\n<p>Aunque la\u00a0<a href=\"http:\/\/www.cdarroyito.gob.ar\/docum\/ordenanzas\/ORD.%201660%20Descanso%20Dominical.pdf\">Ordenanza N\u00ba 1.660\/2014 Descanso dominical del trabajador<\/a>\u00a0est\u00e9 en plena vigencia en nuestra ciudad, los supermercados de Arroyito podr\u00e1n abrir sus puertas los pr\u00f3ximos dos domingos, el 22 y el 29 de diciembre. <\/p>\n\n\n\n<p>Teniendo en cuenta que ambos d\u00edas son v\u00edsperas de las Fiestas, tanto Nochebuena (24) como A\u00f1o Nuevo (31), y que en estas fechas se espera un repunte de las magras ventas registradas durante el a\u00f1o, es que varios de los comercios del rubro optar\u00e1n por trabajar como si fuese un d\u00eda h\u00e1bil, incluso ampliando sus horarios de atenci\u00f3n. <\/p>\n\n\n\n<p>Por su parte, desde la nueva gesti\u00f3n municipal local, comunicaron que <em>&#8220;no hay objeci\u00f3n para la apertura exclusiva del domingo 22 y domingo 29 de diciembre, de los supermercados de grandes superficies, por ser anteriores a las fiestas&#8221;<\/em>. <\/p>\n\n\n\n<p><strong>C\u00f3mo trabajan las grandes superficies<\/strong><\/p>\n\n\n\n<p>Seg\u00fan lo informaron, ambas abrir\u00e1n sus puertas los domingos 22 y 29. Mientras que Mariano Max lo har\u00e1 de 9:00 a 23:00, La An\u00f3nima atender\u00e1 de 9:00 a 21:00 horas.<\/p>\n","protected":false},"excerpt":{"rendered":"<p>Desde la nueva gesti\u00f3n municipal, comunicaron que &#8220;no hay objeci\u00f3n para la apertura exclusiva&#8221; en esos dos d\u00edas. Aunque la\u00a0Ordenanza&hellip;<\/p>\n","protected":false},"author":3,"featured_media":3449,"comment_status":"closed","ping_status":"open","sticky":false,"template":"","format":"standard","meta":{"footnotes":""},"categories":[996],"tags":[66,67,836,217,376,569,572,794],"class_list":["post-6929","post","type-post","status-publish","format-standard","has-post-thumbnail","hentry","category-comercio","tag-arroyito","tag-arroyito-cordoba","tag-arroyito-online","tag-comercio","tag-fiestas","tag-navidad","tag-noticias-de-arroyito-y-zona","tag-ventas"],"_links":{"self":[{"href":"https:\/\/arroyitoonline.com.ar\/index.php?rest_route=\/wp\/v2\/posts\/6929","targetHints":{"allow":["GET"]}}],"collection":[{"href":"https:\/\/arroyitoonline.com.ar\/index.php?rest_route=\/wp\/v2\/posts"}],"about":[{"href":"https:\/\/arroyitoonline.com.ar\/index.php?rest_route=\/wp\/v2\/types\/post"}],"author":[{"embeddable":true,"href":"https:\/\/arroyitoonline.com.ar\/index.php?rest_route=\/wp\/v2\/users\/3"}],"replies":[{"embeddable":true,"href":"https:\/\/arroyitoonline.com.ar\/index.php?rest_route=%2Fwp%2Fv2%2Fcomments&post=6929"}],"version-history":[{"count":1,"href":"https:\/\/arroyitoonline.com.ar\/index.php?rest_route=\/wp\/v2\/posts\/6929\/revisions"}],"predecessor-version":[{"id":6930,"href":"https:\/\/arroyitoonline.com.ar\/index.php?rest_route=\/wp\/v2\/posts\/6929\/revisions\/6930"}],"wp:featuredmedia":[{"embeddable":true,"href":"https:\/\/arroyitoonline.com.ar\/index.php?rest_route=\/wp\/v2\/media\/3449"}],"wp:attachment":[{"href":"https:\/\/arroyitoonline.com.ar\/index.php?rest_route=%2Fwp%2Fv2%2Fmedia&parent=6929"}],"wp:term":[{"taxonomy":"category","embeddable":true,"href":"https:\/\/arroyitoonline.com.ar\/index.php?rest_route=%2Fwp%2Fv2%2Fcategories&post=6929"},{"taxonomy":"post_tag","embeddable":true,"href":"https:\/\/arroyitoonline.com.ar\/index.php?rest_route=%2Fwp%2Fv2%2Ftags&post=6929"}],"curies":[{"name":"wp","href":"https:\/\/api.w.org\/{rel}","templated":true}]}}